{"id":144,"date":"2026-07-13T13:57:22","date_gmt":"2026-07-13T11:57:22","guid":{"rendered":"https:\/\/www.nebrijamallorca.com\/blog\/?p=144"},"modified":"2026-06-22T14:15:56","modified_gmt":"2026-06-22T12:15:56","slug":"por-que-estudiar-enfermeria-en-mallorca-salidas-profesionales","status":"publish","type":"post","link":"https:\/\/www.nebrijamallorca.com\/blog\/2026\/07\/13\/por-que-estudiar-enfermeria-en-mallorca-salidas-profesionales\/","title":{"rendered":"\u00bfPor qu\u00e9 estudiar Enfermer\u00eda en Mallorca? Salidas profesionales que quiz\u00e1s no conoc\u00edas"},"content":{"rendered":"\n<figure class=\"wp-block-image size-large\"><img loading=\"lazy\" decoding=\"async\" width=\"1024\" height=\"559\" src=\"https:\/\/www.nebrijamallorca.com\/blog\/wp-content\/uploads\/2026\/06\/Gemini_Generated_Image_93hipa93hipa93hi-1024x559.png\" alt=\"\" class=\"wp-image-145\" srcset=\"https:\/\/www.nebrijamallorca.com\/blog\/wp-content\/uploads\/2026\/06\/Gemini_Generated_Image_93hipa93hipa93hi-1024x559.png 1024w, https:\/\/www.nebrijamallorca.com\/blog\/wp-content\/uploads\/2026\/06\/Gemini_Generated_Image_93hipa93hipa93hi-300x164.png 300w, https:\/\/www.nebrijamallorca.com\/blog\/wp-content\/uploads\/2026\/06\/Gemini_Generated_Image_93hipa93hipa93hi-768x419.png 768w, https:\/\/www.nebrijamallorca.com\/blog\/wp-content\/uploads\/2026\/06\/Gemini_Generated_Image_93hipa93hipa93hi.png 1408w\" sizes=\"auto, (max-width: 1024px) 100vw, 1024px\" \/><\/figure>\n\n\n\n<p class=\"wp-block-paragraph\">La profesi\u00f3n de enfermer\u00eda siempre ha sido uno de los pilares fundamentales de cualquier sociedad, pero en los \u00faltimos a\u00f1os su valor se ha multiplicado. Si est\u00e1s pensando en tu futuro y te atrae el mundo de la salud, estudiar enfermer\u00eda en Mallorca no solo es una elecci\u00f3n vocacional extraordinaria, sino tambi\u00e9n una de las decisiones estrat\u00e9gicas con mayor garant\u00eda de empleo en la actualidad. <\/p>\n\n\n\n<p class=\"wp-block-paragraph\">Las Islas Baleares, y Mallorca en particular, presentan un ecosistema sanitario \u00fanico que va mucho m\u00e1s all\u00e1 de los hospitales tradicionales.<\/p>\n\n\n\n<p class=\"wp-block-paragraph\">\u00bfTe est\u00e1s preguntando d\u00f3nde podr\u00edas trabajar al terminar tu carrera? Hoy analizamos las salidas profesionales del Grado en Enfermer\u00eda que quiz\u00e1s no te hab\u00edas planteado y por qu\u00e9 la isla es el lugar id\u00f3neo para formarte.<\/p>\n\n\n\n<h3 class=\"wp-block-heading\">1. El auge del sector sanitario privado y cl\u00ednicas especializadas<\/h3>\n\n\n\n<p class=\"wp-block-paragraph\">Mallorca cuenta con una red de hospitales y cl\u00ednicas privadas de primer nivel que se encuentra en constante expansi\u00f3n. Grupos de referencia nacional, como nuestro colaborador estrat\u00e9gico Hospitales Parque (con centros como el Hospital Parque Llevant), demandan continuamente profesionales cualificados.<\/p>\n\n\n\n<p class=\"wp-block-paragraph\">Estudiar en un entorno donde la sanidad privada apuesta por la vanguardia tecnol\u00f3gica te abre las puertas a unidades especializadas de cuidados intensivos, quir\u00f3fanos de \u00faltima generaci\u00f3n y \u00e1reas de urgencias con est\u00e1ndares internacionales.<\/p>\n\n\n\n<h3 class=\"wp-block-heading\">2. Enfermer\u00eda tur\u00edstica y salud internacional<\/h3>\n\n\n\n<p class=\"wp-block-paragraph\">Por nuestra ubicaci\u00f3n geogr\u00e1fica, Mallorca es un referente mundial en turismo. Esto ha generado una salida laboral fascinante y muy cotizada: la enfermer\u00eda tur\u00edstica y de atenci\u00f3n al paciente internacional.<\/p>\n\n\n\n<ul class=\"wp-block-list\">\n<li>Grandes complejos hoteleros y resorts cuentan con servicios m\u00e9dicos propios.<\/li>\n\n\n\n<li>Centros m\u00e9dicos especializados en la atenci\u00f3n a residentes extranjeros y turistas.<\/li>\n\n\n\n<li>Servicios sanitarios a bordo de cruceros y en el \u00e1mbito aeroportuario.<\/li>\n<\/ul>\n\n\n\n<p class=\"wp-block-paragraph\">Para este perfil, el dominio de idiomas combinado con la titulaci\u00f3n oficial de enfermer\u00eda se traduce en una empleabilidad del 100% y condiciones laborales muy atractivas.<\/p>\n\n\n\n<h3 class=\"wp-block-heading\">3. Gesti\u00f3n sanitaria y coordinaci\u00f3n de equipos<\/h3>\n\n\n\n<p class=\"wp-block-paragraph\">La carrera de enfermer\u00eda no solo te prepara para la labor asistencial, sino tambi\u00e9n para el liderazgo. Los graduados en enfermer\u00eda est\u00e1n asumiendo cada vez m\u00e1s roles de gesti\u00f3n en Baleares:<\/p>\n\n\n\n<ul class=\"wp-block-list\">\n<li>Direcci\u00f3n de centros residenciales y de d\u00eda.<\/li>\n\n\n\n<li>Coordinaci\u00f3n de unidades cl\u00ednicas en hospitales.<\/li>\n\n\n\n<li>Gesti\u00f3n de proyectos de salud p\u00fablica y prevenci\u00f3n en el \u00e1mbito insular.<\/li>\n<\/ul>\n\n\n\n<h3 class=\"wp-block-heading\">4. Enfermer\u00eda escolar y del trabajo<\/h3>\n\n\n\n<p class=\"wp-block-paragraph\">El cuidado de la salud en entornos cotidianos est\u00e1 creciendo a un ritmo exponencial. Las mutuas de accidentes de trabajo, las grandes empresas con sedes en la isla y, cada vez m\u00e1s, los centros educativos p\u00fablicos y privados, incorporan la figura del enfermero\/a para la prevenci\u00f3n, promoci\u00f3n de la salud y atenci\u00f3n inmediata.<\/p>\n\n\n\n<h3 class=\"wp-block-heading\">La ventaja de estudiar en Nebrija Mallorca<\/h3>\n\n\n\n<p class=\"wp-block-paragraph\">La clave para acceder a estas salidas profesionales es recibir una formaci\u00f3n conectada con el tejido empresarial e institucional desde el primer d\u00eda. En Nebrija Mallorca, nuestro plan de estudios combina el rigor acad\u00e9mico de la Universidad Nebrija con la inmersi\u00f3n pr\u00e1ctica en centros como el Hospital Parque Llevant.<\/p>\n\n\n\n<p class=\"wp-block-paragraph\">Aprender en grupos reducidos, con simulaciones cl\u00ednicas reales y de la mano de profesionales en activo, te preparar\u00e1 para destacar en cualquiera de estos sectores nada m\u00e1s graduarte.<\/p>\n\n\n\n<p class=\"wp-block-paragraph\">El mercado laboral balear busca talento de enfermer\u00eda. La pregunta es: \u00bfest\u00e1s listo para dar el paso?<\/p>\n\n\n\n<p class=\"wp-block-paragraph\"><strong>\u00bfQuieres conocer a fondo el plan de estudios del curso 26\/27?<\/strong><\/p>\n\n\n\n<p class=\"wp-block-paragraph\"><a href=\"https:\/\/www.nebrijamallorca.com\/\" target=\"_blank\" rel=\"noreferrer noopener\">Solicita aqu\u00ed informaci\u00f3n personalizada sobre el Grado en Enfermer\u00eda de Nebrija Mallorca.<\/a><\/p>\n\n\n\n<p class=\"wp-block-paragraph\"><\/p>\n","protected":false},"excerpt":{"rendered":"<p>La profesi\u00f3n de enfermer\u00eda siempre ha sido uno de los pilares fundamentales de cualquier sociedad, pero en los \u00faltimos a\u00f1os su valor se ha multiplicado. Si est\u00e1s pensando en tu futuro y te atrae el mundo de la salud, estudiar enfermer\u00eda en Mallorca no solo es una elecci\u00f3n vocacional extraordinaria, sino tambi\u00e9n una de las [&hellip;]<\/p>\n","protected":false},"author":3,"featured_media":145,"comment_status":"open","ping_status":"open","sticky":false,"template":"","format":"standard","meta":{"footnotes":""},"categories":[10,22,11],"tags":[21,15,14,13,30],"class_list":["post-144","post","type-post","status-publish","format-standard","has-post-thumbnail","hentry","category-enfermeria-mallorca","category-estudiar-enfermeria-en-mallorca","category-nebrija-mallorca","tag-enfermeria-en-la-privada","tag-enfermeria-nebrija","tag-mallorca-enfermeria","tag-nebrija-mallorca","tag-practicas-sanitarias"],"yoast_head":"<!-- This site is optimized with the Yoast SEO plugin v27.7 - https:\/\/yoast.com\/product\/yoast-seo-wordpress\/ -->\n<title>\u00bfPor qu\u00e9 estudiar Enfermer\u00eda en Mallorca? Salidas Profesionales<\/title>\n<meta name=\"description\" content=\"Descubre las ventajas de estudiar Enfermer\u00eda en Mallorca. Analizamos la alta demanda laboral de las islas y las salidas profesionales que no conoc\u00edas.\" \/>\n<meta name=\"robots\" content=\"index, follow, max-snippet:-1, max-image-preview:large, max-video-preview:-1\" \/>\n<link rel=\"canonical\" href=\"https:\/\/www.nebrijamallorca.com\/blog\/2026\/07\/13\/por-que-estudiar-enfermeria-en-mallorca-salidas-profesionales\/\" \/>\n<meta property=\"og:locale\" content=\"es_ES\" \/>\n<meta property=\"og:type\" content=\"article\" \/>\n<meta property=\"og:title\" content=\"\u00bfPor qu\u00e9 estudiar Enfermer\u00eda en Mallorca? Salidas Profesionales\" \/>\n<meta property=\"og:description\" content=\"Descubre las ventajas de estudiar Enfermer\u00eda en Mallorca. Analizamos la alta demanda laboral de las islas y las salidas profesionales que no conoc\u00edas.\" \/>\n<meta property=\"og:url\" content=\"https:\/\/www.nebrijamallorca.com\/blog\/2026\/07\/13\/por-que-estudiar-enfermeria-en-mallorca-salidas-profesionales\/\" \/>\n<meta property=\"og:site_name\" content=\"Actualidad Nebrija Mallorca\" \/>\n<meta property=\"article:published_time\" content=\"2026-07-13T11:57:22+00:00\" \/>\n<meta property=\"og:image\" content=\"https:\/\/www.nebrijamallorca.com\/blog\/wp-content\/uploads\/2026\/06\/Gemini_Generated_Image_93hipa93hipa93hi.png\" \/>\n\t<meta property=\"og:image:width\" content=\"1408\" \/>\n\t<meta property=\"og:image:height\" content=\"768\" \/>\n\t<meta property=\"og:image:type\" content=\"image\/png\" \/>\n<meta name=\"author\" content=\"Maria Olivares\" \/>\n<meta name=\"twitter:card\" content=\"summary_large_image\" \/>\n<meta name=\"twitter:label1\" content=\"Escrito por\" \/>\n\t<meta name=\"twitter:data1\" content=\"Maria Olivares\" \/>\n\t<meta name=\"twitter:label2\" content=\"Tiempo de lectura\" \/>\n\t<meta name=\"twitter:data2\" content=\"3 minutos\" \/>\n<script type=\"application\/ld+json\" class=\"yoast-schema-graph\">{\"@context\":\"https:\\\/\\\/schema.org\",\"@graph\":[{\"@type\":\"Article\",\"@id\":\"https:\\\/\\\/www.nebrijamallorca.com\\\/blog\\\/2026\\\/07\\\/13\\\/por-que-estudiar-enfermeria-en-mallorca-salidas-profesionales\\\/#article\",\"isPartOf\":{\"@id\":\"https:\\\/\\\/www.nebrijamallorca.com\\\/blog\\\/2026\\\/07\\\/13\\\/por-que-estudiar-enfermeria-en-mallorca-salidas-profesionales\\\/\"},\"author\":{\"name\":\"Maria Olivares\",\"@id\":\"https:\\\/\\\/www.nebrijamallorca.com\\\/blog\\\/#\\\/schema\\\/person\\\/9ace66970ac827179a4945f143c39498\"},\"headline\":\"\u00bfPor qu\u00e9 estudiar Enfermer\u00eda en Mallorca? Salidas profesionales que quiz\u00e1s no conoc\u00edas\",\"datePublished\":\"2026-07-13T11:57:22+00:00\",\"mainEntityOfPage\":{\"@id\":\"https:\\\/\\\/www.nebrijamallorca.com\\\/blog\\\/2026\\\/07\\\/13\\\/por-que-estudiar-enfermeria-en-mallorca-salidas-profesionales\\\/\"},\"wordCount\":625,\"commentCount\":0,\"publisher\":{\"@id\":\"https:\\\/\\\/www.nebrijamallorca.com\\\/blog\\\/#organization\"},\"image\":{\"@id\":\"https:\\\/\\\/www.nebrijamallorca.com\\\/blog\\\/2026\\\/07\\\/13\\\/por-que-estudiar-enfermeria-en-mallorca-salidas-profesionales\\\/#primaryimage\"},\"thumbnailUrl\":\"https:\\\/\\\/www.nebrijamallorca.com\\\/blog\\\/wp-content\\\/uploads\\\/2026\\\/06\\\/Gemini_Generated_Image_93hipa93hipa93hi.png\",\"keywords\":[\"Enfermer\u00eda en la privada\",\"Enfermer\u00eda nebrija\",\"Mallorca enfermer\u00eda\",\"Nebrija Mallorca\",\"Pr\u00e1cticas Sanitarias\"],\"articleSection\":[\"Enfermer\u00eda Mallorca\",\"Estudiar enfermer\u00eda en Mallorca\",\"Nebrija Mallorca\"],\"inLanguage\":\"es\",\"potentialAction\":[{\"@type\":\"CommentAction\",\"name\":\"Comment\",\"target\":[\"https:\\\/\\\/www.nebrijamallorca.com\\\/blog\\\/2026\\\/07\\\/13\\\/por-que-estudiar-enfermeria-en-mallorca-salidas-profesionales\\\/#respond\"]}]},{\"@type\":\"WebPage\",\"@id\":\"https:\\\/\\\/www.nebrijamallorca.com\\\/blog\\\/2026\\\/07\\\/13\\\/por-que-estudiar-enfermeria-en-mallorca-salidas-profesionales\\\/\",\"url\":\"https:\\\/\\\/www.nebrijamallorca.com\\\/blog\\\/2026\\\/07\\\/13\\\/por-que-estudiar-enfermeria-en-mallorca-salidas-profesionales\\\/\",\"name\":\"\u00bfPor qu\u00e9 estudiar Enfermer\u00eda en Mallorca? Salidas Profesionales\",\"isPartOf\":{\"@id\":\"https:\\\/\\\/www.nebrijamallorca.com\\\/blog\\\/#website\"},\"primaryImageOfPage\":{\"@id\":\"https:\\\/\\\/www.nebrijamallorca.com\\\/blog\\\/2026\\\/07\\\/13\\\/por-que-estudiar-enfermeria-en-mallorca-salidas-profesionales\\\/#primaryimage\"},\"image\":{\"@id\":\"https:\\\/\\\/www.nebrijamallorca.com\\\/blog\\\/2026\\\/07\\\/13\\\/por-que-estudiar-enfermeria-en-mallorca-salidas-profesionales\\\/#primaryimage\"},\"thumbnailUrl\":\"https:\\\/\\\/www.nebrijamallorca.com\\\/blog\\\/wp-content\\\/uploads\\\/2026\\\/06\\\/Gemini_Generated_Image_93hipa93hipa93hi.png\",\"datePublished\":\"2026-07-13T11:57:22+00:00\",\"description\":\"Descubre las ventajas de estudiar Enfermer\u00eda en Mallorca. Analizamos la alta demanda laboral de las islas y las salidas profesionales que no conoc\u00edas.\",\"breadcrumb\":{\"@id\":\"https:\\\/\\\/www.nebrijamallorca.com\\\/blog\\\/2026\\\/07\\\/13\\\/por-que-estudiar-enfermeria-en-mallorca-salidas-profesionales\\\/#breadcrumb\"},\"inLanguage\":\"es\",\"potentialAction\":[{\"@type\":\"ReadAction\",\"target\":[\"https:\\\/\\\/www.nebrijamallorca.com\\\/blog\\\/2026\\\/07\\\/13\\\/por-que-estudiar-enfermeria-en-mallorca-salidas-profesionales\\\/\"]}]},{\"@type\":\"ImageObject\",\"inLanguage\":\"es\",\"@id\":\"https:\\\/\\\/www.nebrijamallorca.com\\\/blog\\\/2026\\\/07\\\/13\\\/por-que-estudiar-enfermeria-en-mallorca-salidas-profesionales\\\/#primaryimage\",\"url\":\"https:\\\/\\\/www.nebrijamallorca.com\\\/blog\\\/wp-content\\\/uploads\\\/2026\\\/06\\\/Gemini_Generated_Image_93hipa93hipa93hi.png\",\"contentUrl\":\"https:\\\/\\\/www.nebrijamallorca.com\\\/blog\\\/wp-content\\\/uploads\\\/2026\\\/06\\\/Gemini_Generated_Image_93hipa93hipa93hi.png\",\"width\":1408,\"height\":768},{\"@type\":\"BreadcrumbList\",\"@id\":\"https:\\\/\\\/www.nebrijamallorca.com\\\/blog\\\/2026\\\/07\\\/13\\\/por-que-estudiar-enfermeria-en-mallorca-salidas-profesionales\\\/#breadcrumb\",\"itemListElement\":[{\"@type\":\"ListItem\",\"position\":1,\"name\":\"Portada\",\"item\":\"https:\\\/\\\/www.nebrijamallorca.com\\\/blog\\\/\"},{\"@type\":\"ListItem\",\"position\":2,\"name\":\"\u00bfPor qu\u00e9 estudiar Enfermer\u00eda en Mallorca? Salidas profesionales que quiz\u00e1s no conoc\u00edas\"}]},{\"@type\":\"WebSite\",\"@id\":\"https:\\\/\\\/www.nebrijamallorca.com\\\/blog\\\/#website\",\"url\":\"https:\\\/\\\/www.nebrijamallorca.com\\\/blog\\\/\",\"name\":\"blog\",\"description\":\"\",\"publisher\":{\"@id\":\"https:\\\/\\\/www.nebrijamallorca.com\\\/blog\\\/#organization\"},\"potentialAction\":[{\"@type\":\"SearchAction\",\"target\":{\"@type\":\"EntryPoint\",\"urlTemplate\":\"https:\\\/\\\/www.nebrijamallorca.com\\\/blog\\\/?s={search_term_string}\"},\"query-input\":{\"@type\":\"PropertyValueSpecification\",\"valueRequired\":true,\"valueName\":\"search_term_string\"}}],\"inLanguage\":\"es\"},{\"@type\":\"Organization\",\"@id\":\"https:\\\/\\\/www.nebrijamallorca.com\\\/blog\\\/#organization\",\"name\":\"Centro Universitario Instituto Nebrija Mallorca\",\"url\":\"https:\\\/\\\/www.nebrijamallorca.com\\\/blog\\\/\",\"logo\":{\"@type\":\"ImageObject\",\"inLanguage\":\"es\",\"@id\":\"https:\\\/\\\/www.nebrijamallorca.com\\\/blog\\\/#\\\/schema\\\/logo\\\/image\\\/\",\"url\":\"https:\\\/\\\/www.nebrijamallorca.com\\\/blog\\\/wp-content\\\/uploads\\\/2026\\\/05\\\/logo-CUINM.svg\",\"contentUrl\":\"https:\\\/\\\/www.nebrijamallorca.com\\\/blog\\\/wp-content\\\/uploads\\\/2026\\\/05\\\/logo-CUINM.svg\",\"width\":974,\"height\":221,\"caption\":\"Centro Universitario Instituto Nebrija Mallorca\"},\"image\":{\"@id\":\"https:\\\/\\\/www.nebrijamallorca.com\\\/blog\\\/#\\\/schema\\\/logo\\\/image\\\/\"},\"sameAs\":[\"https:\\\/\\\/www.instagram.com\\\/cuinebrija_mallorca\\\/\",\"https:\\\/\\\/www.linkedin.com\\\/company\\\/centro-universitario-instituto-nebrija-mallorca\\\/\"]},{\"@type\":\"Person\",\"@id\":\"https:\\\/\\\/www.nebrijamallorca.com\\\/blog\\\/#\\\/schema\\\/person\\\/9ace66970ac827179a4945f143c39498\",\"name\":\"Maria Olivares\",\"image\":{\"@type\":\"ImageObject\",\"inLanguage\":\"es\",\"@id\":\"https:\\\/\\\/secure.gravatar.com\\\/avatar\\\/077374ce6cf5a3ce8c7ab4ba4733f03fbf0a9341688ee68f2fa8c68bbac82a3b?s=96&d=mm&r=g\",\"url\":\"https:\\\/\\\/secure.gravatar.com\\\/avatar\\\/077374ce6cf5a3ce8c7ab4ba4733f03fbf0a9341688ee68f2fa8c68bbac82a3b?s=96&d=mm&r=g\",\"contentUrl\":\"https:\\\/\\\/secure.gravatar.com\\\/avatar\\\/077374ce6cf5a3ce8c7ab4ba4733f03fbf0a9341688ee68f2fa8c68bbac82a3b?s=96&d=mm&r=g\",\"caption\":\"Maria Olivares\"},\"sameAs\":[\"https:\\\/\\\/www.linkedin.com\\\/in\\\/mariaolivarescomunicacion\\\/\"],\"url\":\"https:\\\/\\\/www.nebrijamallorca.com\\\/blog\\\/author\\\/maria-olivares\\\/\"}]}<\/script>\n<!-- \/ Yoast SEO plugin. -->","yoast_head_json":{"title":"\u00bfPor qu\u00e9 estudiar Enfermer\u00eda en Mallorca? Salidas Profesionales","description":"Descubre las ventajas de estudiar Enfermer\u00eda en Mallorca. Analizamos la alta demanda laboral de las islas y las salidas profesionales que no conoc\u00edas.","robots":{"index":"index","follow":"follow","max-snippet":"max-snippet:-1","max-image-preview":"max-image-preview:large","max-video-preview":"max-video-preview:-1"},"canonical":"https:\/\/www.nebrijamallorca.com\/blog\/2026\/07\/13\/por-que-estudiar-enfermeria-en-mallorca-salidas-profesionales\/","og_locale":"es_ES","og_type":"article","og_title":"\u00bfPor qu\u00e9 estudiar Enfermer\u00eda en Mallorca? Salidas Profesionales","og_description":"Descubre las ventajas de estudiar Enfermer\u00eda en Mallorca. Analizamos la alta demanda laboral de las islas y las salidas profesionales que no conoc\u00edas.","og_url":"https:\/\/www.nebrijamallorca.com\/blog\/2026\/07\/13\/por-que-estudiar-enfermeria-en-mallorca-salidas-profesionales\/","og_site_name":"Actualidad Nebrija Mallorca","article_published_time":"2026-07-13T11:57:22+00:00","og_image":[{"width":1408,"height":768,"url":"https:\/\/www.nebrijamallorca.com\/blog\/wp-content\/uploads\/2026\/06\/Gemini_Generated_Image_93hipa93hipa93hi.png","type":"image\/png"}],"author":"Maria Olivares","twitter_card":"summary_large_image","twitter_misc":{"Escrito por":"Maria Olivares","Tiempo de lectura":"3 minutos"},"schema":{"@context":"https:\/\/schema.org","@graph":[{"@type":"Article","@id":"https:\/\/www.nebrijamallorca.com\/blog\/2026\/07\/13\/por-que-estudiar-enfermeria-en-mallorca-salidas-profesionales\/#article","isPartOf":{"@id":"https:\/\/www.nebrijamallorca.com\/blog\/2026\/07\/13\/por-que-estudiar-enfermeria-en-mallorca-salidas-profesionales\/"},"author":{"name":"Maria Olivares","@id":"https:\/\/www.nebrijamallorca.com\/blog\/#\/schema\/person\/9ace66970ac827179a4945f143c39498"},"headline":"\u00bfPor qu\u00e9 estudiar Enfermer\u00eda en Mallorca? Salidas profesionales que quiz\u00e1s no conoc\u00edas","datePublished":"2026-07-13T11:57:22+00:00","mainEntityOfPage":{"@id":"https:\/\/www.nebrijamallorca.com\/blog\/2026\/07\/13\/por-que-estudiar-enfermeria-en-mallorca-salidas-profesionales\/"},"wordCount":625,"commentCount":0,"publisher":{"@id":"https:\/\/www.nebrijamallorca.com\/blog\/#organization"},"image":{"@id":"https:\/\/www.nebrijamallorca.com\/blog\/2026\/07\/13\/por-que-estudiar-enfermeria-en-mallorca-salidas-profesionales\/#primaryimage"},"thumbnailUrl":"https:\/\/www.nebrijamallorca.com\/blog\/wp-content\/uploads\/2026\/06\/Gemini_Generated_Image_93hipa93hipa93hi.png","keywords":["Enfermer\u00eda en la privada","Enfermer\u00eda nebrija","Mallorca enfermer\u00eda","Nebrija Mallorca","Pr\u00e1cticas Sanitarias"],"articleSection":["Enfermer\u00eda Mallorca","Estudiar enfermer\u00eda en Mallorca","Nebrija Mallorca"],"inLanguage":"es","potentialAction":[{"@type":"CommentAction","name":"Comment","target":["https:\/\/www.nebrijamallorca.com\/blog\/2026\/07\/13\/por-que-estudiar-enfermeria-en-mallorca-salidas-profesionales\/#respond"]}]},{"@type":"WebPage","@id":"https:\/\/www.nebrijamallorca.com\/blog\/2026\/07\/13\/por-que-estudiar-enfermeria-en-mallorca-salidas-profesionales\/","url":"https:\/\/www.nebrijamallorca.com\/blog\/2026\/07\/13\/por-que-estudiar-enfermeria-en-mallorca-salidas-profesionales\/","name":"\u00bfPor qu\u00e9 estudiar Enfermer\u00eda en Mallorca? Salidas Profesionales","isPartOf":{"@id":"https:\/\/www.nebrijamallorca.com\/blog\/#website"},"primaryImageOfPage":{"@id":"https:\/\/www.nebrijamallorca.com\/blog\/2026\/07\/13\/por-que-estudiar-enfermeria-en-mallorca-salidas-profesionales\/#primaryimage"},"image":{"@id":"https:\/\/www.nebrijamallorca.com\/blog\/2026\/07\/13\/por-que-estudiar-enfermeria-en-mallorca-salidas-profesionales\/#primaryimage"},"thumbnailUrl":"https:\/\/www.nebrijamallorca.com\/blog\/wp-content\/uploads\/2026\/06\/Gemini_Generated_Image_93hipa93hipa93hi.png","datePublished":"2026-07-13T11:57:22+00:00","description":"Descubre las ventajas de estudiar Enfermer\u00eda en Mallorca. Analizamos la alta demanda laboral de las islas y las salidas profesionales que no conoc\u00edas.","breadcrumb":{"@id":"https:\/\/www.nebrijamallorca.com\/blog\/2026\/07\/13\/por-que-estudiar-enfermeria-en-mallorca-salidas-profesionales\/#breadcrumb"},"inLanguage":"es","potentialAction":[{"@type":"ReadAction","target":["https:\/\/www.nebrijamallorca.com\/blog\/2026\/07\/13\/por-que-estudiar-enfermeria-en-mallorca-salidas-profesionales\/"]}]},{"@type":"ImageObject","inLanguage":"es","@id":"https:\/\/www.nebrijamallorca.com\/blog\/2026\/07\/13\/por-que-estudiar-enfermeria-en-mallorca-salidas-profesionales\/#primaryimage","url":"https:\/\/www.nebrijamallorca.com\/blog\/wp-content\/uploads\/2026\/06\/Gemini_Generated_Image_93hipa93hipa93hi.png","contentUrl":"https:\/\/www.nebrijamallorca.com\/blog\/wp-content\/uploads\/2026\/06\/Gemini_Generated_Image_93hipa93hipa93hi.png","width":1408,"height":768},{"@type":"BreadcrumbList","@id":"https:\/\/www.nebrijamallorca.com\/blog\/2026\/07\/13\/por-que-estudiar-enfermeria-en-mallorca-salidas-profesionales\/#breadcrumb","itemListElement":[{"@type":"ListItem","position":1,"name":"Portada","item":"https:\/\/www.nebrijamallorca.com\/blog\/"},{"@type":"ListItem","position":2,"name":"\u00bfPor qu\u00e9 estudiar Enfermer\u00eda en Mallorca? Salidas profesionales que quiz\u00e1s no conoc\u00edas"}]},{"@type":"WebSite","@id":"https:\/\/www.nebrijamallorca.com\/blog\/#website","url":"https:\/\/www.nebrijamallorca.com\/blog\/","name":"blog","description":"","publisher":{"@id":"https:\/\/www.nebrijamallorca.com\/blog\/#organization"},"potentialAction":[{"@type":"SearchAction","target":{"@type":"EntryPoint","urlTemplate":"https:\/\/www.nebrijamallorca.com\/blog\/?s={search_term_string}"},"query-input":{"@type":"PropertyValueSpecification","valueRequired":true,"valueName":"search_term_string"}}],"inLanguage":"es"},{"@type":"Organization","@id":"https:\/\/www.nebrijamallorca.com\/blog\/#organization","name":"Centro Universitario Instituto Nebrija Mallorca","url":"https:\/\/www.nebrijamallorca.com\/blog\/","logo":{"@type":"ImageObject","inLanguage":"es","@id":"https:\/\/www.nebrijamallorca.com\/blog\/#\/schema\/logo\/image\/","url":"https:\/\/www.nebrijamallorca.com\/blog\/wp-content\/uploads\/2026\/05\/logo-CUINM.svg","contentUrl":"https:\/\/www.nebrijamallorca.com\/blog\/wp-content\/uploads\/2026\/05\/logo-CUINM.svg","width":974,"height":221,"caption":"Centro Universitario Instituto Nebrija Mallorca"},"image":{"@id":"https:\/\/www.nebrijamallorca.com\/blog\/#\/schema\/logo\/image\/"},"sameAs":["https:\/\/www.instagram.com\/cuinebrija_mallorca\/","https:\/\/www.linkedin.com\/company\/centro-universitario-instituto-nebrija-mallorca\/"]},{"@type":"Person","@id":"https:\/\/www.nebrijamallorca.com\/blog\/#\/schema\/person\/9ace66970ac827179a4945f143c39498","name":"Maria Olivares","image":{"@type":"ImageObject","inLanguage":"es","@id":"https:\/\/secure.gravatar.com\/avatar\/077374ce6cf5a3ce8c7ab4ba4733f03fbf0a9341688ee68f2fa8c68bbac82a3b?s=96&d=mm&r=g","url":"https:\/\/secure.gravatar.com\/avatar\/077374ce6cf5a3ce8c7ab4ba4733f03fbf0a9341688ee68f2fa8c68bbac82a3b?s=96&d=mm&r=g","contentUrl":"https:\/\/secure.gravatar.com\/avatar\/077374ce6cf5a3ce8c7ab4ba4733f03fbf0a9341688ee68f2fa8c68bbac82a3b?s=96&d=mm&r=g","caption":"Maria Olivares"},"sameAs":["https:\/\/www.linkedin.com\/in\/mariaolivarescomunicacion\/"],"url":"https:\/\/www.nebrijamallorca.com\/blog\/author\/maria-olivares\/"}]}},"_links":{"self":[{"href":"https:\/\/www.nebrijamallorca.com\/blog\/wp-json\/wp\/v2\/posts\/144","targetHints":{"allow":["GET"]}}],"collection":[{"href":"https:\/\/www.nebrijamallorca.com\/blog\/wp-json\/wp\/v2\/posts"}],"about":[{"href":"https:\/\/www.nebrijamallorca.com\/blog\/wp-json\/wp\/v2\/types\/post"}],"author":[{"embeddable":true,"href":"https:\/\/www.nebrijamallorca.com\/blog\/wp-json\/wp\/v2\/users\/3"}],"replies":[{"embeddable":true,"href":"https:\/\/www.nebrijamallorca.com\/blog\/wp-json\/wp\/v2\/comments?post=144"}],"version-history":[{"count":1,"href":"https:\/\/www.nebrijamallorca.com\/blog\/wp-json\/wp\/v2\/posts\/144\/revisions"}],"predecessor-version":[{"id":146,"href":"https:\/\/www.nebrijamallorca.com\/blog\/wp-json\/wp\/v2\/posts\/144\/revisions\/146"}],"wp:featuredmedia":[{"embeddable":true,"href":"https:\/\/www.nebrijamallorca.com\/blog\/wp-json\/wp\/v2\/media\/145"}],"wp:attachment":[{"href":"https:\/\/www.nebrijamallorca.com\/blog\/wp-json\/wp\/v2\/media?parent=144"}],"wp:term":[{"taxonomy":"category","embeddable":true,"href":"https:\/\/www.nebrijamallorca.com\/blog\/wp-json\/wp\/v2\/categories?post=144"},{"taxonomy":"post_tag","embeddable":true,"href":"https:\/\/www.nebrijamallorca.com\/blog\/wp-json\/wp\/v2\/tags?post=144"}],"curies":[{"name":"wp","href":"https:\/\/api.w.org\/{rel}","templated":true}]}}