{"id":147,"date":"2026-08-19T14:16:25","date_gmt":"2026-08-19T12:16:25","guid":{"rendered":"https:\/\/www.nebrijamallorca.com\/blog\/?p=147"},"modified":"2026-08-24T10:26:47","modified_gmt":"2026-08-24T08:26:47","slug":"ventajas-estudiar-vivir-en-mallorca-estudiantes","status":"publish","type":"post","link":"https:\/\/www.nebrijamallorca.com\/blog\/2026\/08\/19\/ventajas-estudiar-vivir-en-mallorca-estudiantes\/","title":{"rendered":"Estudiar y vivir en Mallorca: ventajas de formarte en un entorno id\u00edlico"},"content":{"rendered":"\n<figure class=\"wp-block-image size-large\"><img loading=\"lazy\" decoding=\"async\" width=\"1024\" height=\"702\" src=\"https:\/\/www.nebrijamallorca.com\/blog\/wp-content\/uploads\/2026\/06\/Gemini_Generated_Image_qeyhi4qeyhi4qeyh-1-1024x702.png\" alt=\"\" class=\"wp-image-149\" srcset=\"https:\/\/www.nebrijamallorca.com\/blog\/wp-content\/uploads\/2026\/06\/Gemini_Generated_Image_qeyhi4qeyhi4qeyh-1-1024x702.png 1024w, https:\/\/www.nebrijamallorca.com\/blog\/wp-content\/uploads\/2026\/06\/Gemini_Generated_Image_qeyhi4qeyhi4qeyh-1-300x206.png 300w, https:\/\/www.nebrijamallorca.com\/blog\/wp-content\/uploads\/2026\/06\/Gemini_Generated_Image_qeyhi4qeyhi4qeyh-1-768x526.png 768w, https:\/\/www.nebrijamallorca.com\/blog\/wp-content\/uploads\/2026\/06\/Gemini_Generated_Image_qeyhi4qeyhi4qeyh-1.png 1049w\" sizes=\"auto, (max-width: 1024px) 100vw, 1024px\" \/><\/figure>\n\n\n\n<p class=\"wp-block-paragraph\">Si pensamos en Mallorca, a todos se nos vienen a la cabeza sus playas de agua turquesa, la Sierra de Tramuntana o el encanto hist\u00f3rico de sus pueblos. Sin embargo, la mayor de las Islas Baleares se ha consolidado tambi\u00e9n como un polo de atracci\u00f3n de talento joven y un lugar excepcional para cursar estudios superiores.<\/p>\n\n\n\n<p class=\"wp-block-paragraph\">Elegir d\u00f3nde vas a estudiar tu carrera no solo depende del plan de estudios; el entorno en el que vas a pasar los pr\u00f3ximos a\u00f1os influye directamente en tu bienestar, tu concentraci\u00f3n y tu crecimiento personal.<\/p>\n\n\n\n<p class=\"wp-block-paragraph\">Hoy te contamos por qu\u00e9 estudiar en Mallorca con Nebrija es una experiencia que combina la m\u00e1xima exigencia acad\u00e9mica con una calidad de vida inigualable.<\/p>\n\n\n\n<h4 class=\"wp-block-heading\">1. Equilibrio perfecto entre estudio y bienestar (Work-Life Balance)<\/h4>\n\n\n\n<p class=\"wp-block-paragraph\">La vida universitaria puede llegar a ser intensa, especialmente en carreras de la salud como la Enfermer\u00eda, que requieren horas de teor\u00eda, laboratorios y pr\u00e1cticas. \u00bfTe imaginas poder desconectar de una intensa jornada de ex\u00e1menes paseando por el mar o haciendo una ruta de senderismo? Mallorca ofrece una desconexi\u00f3n real y r\u00e1pida que reduce los niveles de estr\u00e9s y mejora el rendimiento acad\u00e9mico.<\/p>\n\n\n\n<h4 class=\"wp-block-heading\">2. Una isla hiperconectada con Espa\u00f1a y Europa<\/h4>\n\n\n\n<p class=\"wp-block-paragraph\">Para los estudiantes que vienen de fuera (o para los locales que quieren viajar los fines de semana), la conectividad es fundamental. El aeropuerto de Palma de Mallorca es uno de los que m\u00e1s conexiones internacionales y nacionales tiene de todo el pa\u00eds. Est\u00e1s a un vuelo de apenas una hora de Madrid, Barcelona o Valencia, lo que facilita enormemente la log\u00edstica familiar.<\/p>\n\n\n\n<h4 class=\"wp-block-heading\">3. Un entorno multicultural y cosmopolita<\/h4>\n\n\n\n<p class=\"wp-block-paragraph\">En Mallorca conviven personas de decenas de nacionalidades diferentes. Este ambiente internacional se traslada a las aulas y a las calles, permiti\u00e9ndote abrir tu mente, practicar idiomas de forma natural y crear una red de contactos (networking) global. En un mundo sanitario y empresarial cada vez m\u00e1s internacionalizado, haber estudiado en un entorno cosmopolita es un punto muy a tu favor.<\/p>\n\n\n\n<h4 class=\"wp-block-heading\">4. Oportunidades en un sector sanitario en crecimiento<\/h4>\n\n\n\n<p class=\"wp-block-paragraph\">Como ya hemos comentado en anteriores ocasiones, el sector de la salud en Baleares est\u00e1 en pleno auge para dar respuesta tanto a la poblaci\u00f3n local como al turismo de salud. Estudiar aqu\u00ed te sit\u00faa estrat\u00e9gicamente en el lugar donde las grandes empresas sanitarias e instituciones buscan activamente a sus futuros profesionales.<\/p>\n\n\n\n<h4 class=\"wp-block-heading\">Tu futuro en el Mediterr\u00e1neo<\/h4>\n\n\n\n<p class=\"wp-block-paragraph\">En Nebrija Mallorca creemos que tu paso por la universidad debe ser inolvidable tanto dentro como fuera de las aulas.<\/p>\n\n\n\n<p class=\"wp-block-paragraph\">Nuestro centro te ofrece la cercan\u00eda de una atenci\u00f3n personalizada, la garant\u00eda de calidad de la Universidad Nebrija y la oportunidad de vivir en una de las islas con mejor calidad de vida del mundo.<\/p>\n\n\n\n<p class=\"wp-block-paragraph\">Ven por el grado, qu\u00e9date por la experiencia.<\/p>\n\n\n\n<p class=\"wp-block-paragraph\"> <strong>\u00bfQuieres dar el paso?<\/strong> <strong><a href=\"https:\/\/www.nebrijamallorca.com\/\" target=\"_blank\" rel=\"noreferrer noopener\">Contacta con nuestro equipo y descubre todo lo que Nebrija Mallorca tiene preparado para ti el pr\u00f3ximo curso.<\/a><\/strong><\/p>\n","protected":false},"excerpt":{"rendered":"<p>Si pensamos en Mallorca, a todos se nos vienen a la cabeza sus playas de agua turquesa, la Sierra de Tramuntana o el encanto hist\u00f3rico de sus pueblos. Sin embargo, la mayor de las Islas Baleares se ha consolidado tambi\u00e9n como un polo de atracci\u00f3n de talento joven y un lugar excepcional para cursar estudios [&hellip;]<\/p>\n","protected":false},"author":3,"featured_media":148,"comment_status":"open","ping_status":"open","sticky":false,"template":"","format":"standard","meta":{"footnotes":""},"categories":[10,22,11],"tags":[21,15,14,16,13,32,30],"class_list":["post-147","post","type-post","status-publish","format-standard","has-post-thumbnail","hentry","category-enfermeria-mallorca","category-estudiar-enfermeria-en-mallorca","category-nebrija-mallorca","tag-enfermeria-en-la-privada","tag-enfermeria-nebrija","tag-mallorca-enfermeria","tag-manacor","tag-nebrija-mallorca","tag-porto-cristo-2","tag-practicas-sanitarias"],"yoast_head":"<!-- This site is optimized with the Yoast SEO plugin v27.7 - https:\/\/yoast.com\/product\/yoast-seo-wordpress\/ -->\n<title>Ventajas de Estudiar y Vivir en Mallorca | Nebrija Mallorca<\/title>\n<meta name=\"description\" content=\"Descubre por qu\u00e9 Mallorca es el destino perfecto para tu etapa universitaria. Combinar estudios con la vida del Mediterr\u00e1neo.\" \/>\n<meta name=\"robots\" content=\"index, follow, max-snippet:-1, max-image-preview:large, max-video-preview:-1\" \/>\n<link rel=\"canonical\" href=\"https:\/\/www.nebrijamallorca.com\/blog\/2026\/08\/19\/ventajas-estudiar-vivir-en-mallorca-estudiantes\/\" \/>\n<meta property=\"og:locale\" content=\"es_ES\" \/>\n<meta property=\"og:type\" content=\"article\" \/>\n<meta property=\"og:title\" content=\"Ventajas de Estudiar y Vivir en Mallorca | Nebrija Mallorca\" \/>\n<meta property=\"og:description\" content=\"Descubre por qu\u00e9 Mallorca es el destino perfecto para tu etapa universitaria. Combinar estudios con la vida del Mediterr\u00e1neo.\" \/>\n<meta property=\"og:url\" content=\"https:\/\/www.nebrijamallorca.com\/blog\/2026\/08\/19\/ventajas-estudiar-vivir-en-mallorca-estudiantes\/\" \/>\n<meta property=\"og:site_name\" content=\"Actualidad Nebrija Mallorca\" \/>\n<meta property=\"article:published_time\" content=\"2026-08-19T12:16:25+00:00\" \/>\n<meta property=\"article:modified_time\" content=\"2026-08-24T08:26:47+00:00\" \/>\n<meta property=\"og:image\" content=\"https:\/\/www.nebrijamallorca.com\/blog\/wp-content\/uploads\/2026\/06\/Gemini_Generated_Image_qeyhi4qeyhi4qeyh.png\" \/>\n\t<meta property=\"og:image:width\" content=\"1049\" \/>\n\t<meta property=\"og:image:height\" content=\"719\" \/>\n\t<meta property=\"og:image:type\" content=\"image\/png\" \/>\n<meta name=\"author\" content=\"Maria Olivares\" \/>\n<meta name=\"twitter:card\" content=\"summary_large_image\" \/>\n<meta name=\"twitter:label1\" content=\"Escrito por\" \/>\n\t<meta name=\"twitter:data1\" content=\"Maria Olivares\" \/>\n\t<meta name=\"twitter:label2\" content=\"Tiempo de lectura\" \/>\n\t<meta name=\"twitter:data2\" content=\"3 minutos\" \/>\n<script type=\"application\/ld+json\" class=\"yoast-schema-graph\">{\"@context\":\"https:\\\/\\\/schema.org\",\"@graph\":[{\"@type\":\"Article\",\"@id\":\"https:\\\/\\\/www.nebrijamallorca.com\\\/blog\\\/2026\\\/08\\\/19\\\/ventajas-estudiar-vivir-en-mallorca-estudiantes\\\/#article\",\"isPartOf\":{\"@id\":\"https:\\\/\\\/www.nebrijamallorca.com\\\/blog\\\/2026\\\/08\\\/19\\\/ventajas-estudiar-vivir-en-mallorca-estudiantes\\\/\"},\"author\":{\"name\":\"Maria Olivares\",\"@id\":\"https:\\\/\\\/www.nebrijamallorca.com\\\/blog\\\/#\\\/schema\\\/person\\\/9ace66970ac827179a4945f143c39498\"},\"headline\":\"Estudiar y vivir en Mallorca: ventajas de formarte en un entorno id\u00edlico\",\"datePublished\":\"2026-08-19T12:16:25+00:00\",\"dateModified\":\"2026-08-24T08:26:47+00:00\",\"mainEntityOfPage\":{\"@id\":\"https:\\\/\\\/www.nebrijamallorca.com\\\/blog\\\/2026\\\/08\\\/19\\\/ventajas-estudiar-vivir-en-mallorca-estudiantes\\\/\"},\"wordCount\":519,\"commentCount\":0,\"publisher\":{\"@id\":\"https:\\\/\\\/www.nebrijamallorca.com\\\/blog\\\/#organization\"},\"image\":{\"@id\":\"https:\\\/\\\/www.nebrijamallorca.com\\\/blog\\\/2026\\\/08\\\/19\\\/ventajas-estudiar-vivir-en-mallorca-estudiantes\\\/#primaryimage\"},\"thumbnailUrl\":\"https:\\\/\\\/www.nebrijamallorca.com\\\/blog\\\/wp-content\\\/uploads\\\/2026\\\/06\\\/Gemini_Generated_Image_qeyhi4qeyhi4qeyh.png\",\"keywords\":[\"Enfermer\u00eda en la privada\",\"Enfermer\u00eda nebrija\",\"Mallorca enfermer\u00eda\",\"Manacor\",\"Nebrija Mallorca\",\"Porto Cristo\",\"Pr\u00e1cticas Sanitarias\"],\"articleSection\":[\"Enfermer\u00eda Mallorca\",\"Estudiar enfermer\u00eda en Mallorca\",\"Nebrija Mallorca\"],\"inLanguage\":\"es\",\"potentialAction\":[{\"@type\":\"CommentAction\",\"name\":\"Comment\",\"target\":[\"https:\\\/\\\/www.nebrijamallorca.com\\\/blog\\\/2026\\\/08\\\/19\\\/ventajas-estudiar-vivir-en-mallorca-estudiantes\\\/#respond\"]}]},{\"@type\":\"WebPage\",\"@id\":\"https:\\\/\\\/www.nebrijamallorca.com\\\/blog\\\/2026\\\/08\\\/19\\\/ventajas-estudiar-vivir-en-mallorca-estudiantes\\\/\",\"url\":\"https:\\\/\\\/www.nebrijamallorca.com\\\/blog\\\/2026\\\/08\\\/19\\\/ventajas-estudiar-vivir-en-mallorca-estudiantes\\\/\",\"name\":\"Ventajas de Estudiar y Vivir en Mallorca | Nebrija Mallorca\",\"isPartOf\":{\"@id\":\"https:\\\/\\\/www.nebrijamallorca.com\\\/blog\\\/#website\"},\"primaryImageOfPage\":{\"@id\":\"https:\\\/\\\/www.nebrijamallorca.com\\\/blog\\\/2026\\\/08\\\/19\\\/ventajas-estudiar-vivir-en-mallorca-estudiantes\\\/#primaryimage\"},\"image\":{\"@id\":\"https:\\\/\\\/www.nebrijamallorca.com\\\/blog\\\/2026\\\/08\\\/19\\\/ventajas-estudiar-vivir-en-mallorca-estudiantes\\\/#primaryimage\"},\"thumbnailUrl\":\"https:\\\/\\\/www.nebrijamallorca.com\\\/blog\\\/wp-content\\\/uploads\\\/2026\\\/06\\\/Gemini_Generated_Image_qeyhi4qeyhi4qeyh.png\",\"datePublished\":\"2026-08-19T12:16:25+00:00\",\"dateModified\":\"2026-08-24T08:26:47+00:00\",\"description\":\"Descubre por qu\u00e9 Mallorca es el destino perfecto para tu etapa universitaria. Combinar estudios con la vida del Mediterr\u00e1neo.\",\"breadcrumb\":{\"@id\":\"https:\\\/\\\/www.nebrijamallorca.com\\\/blog\\\/2026\\\/08\\\/19\\\/ventajas-estudiar-vivir-en-mallorca-estudiantes\\\/#breadcrumb\"},\"inLanguage\":\"es\",\"potentialAction\":[{\"@type\":\"ReadAction\",\"target\":[\"https:\\\/\\\/www.nebrijamallorca.com\\\/blog\\\/2026\\\/08\\\/19\\\/ventajas-estudiar-vivir-en-mallorca-estudiantes\\\/\"]}]},{\"@type\":\"ImageObject\",\"inLanguage\":\"es\",\"@id\":\"https:\\\/\\\/www.nebrijamallorca.com\\\/blog\\\/2026\\\/08\\\/19\\\/ventajas-estudiar-vivir-en-mallorca-estudiantes\\\/#primaryimage\",\"url\":\"https:\\\/\\\/www.nebrijamallorca.com\\\/blog\\\/wp-content\\\/uploads\\\/2026\\\/06\\\/Gemini_Generated_Image_qeyhi4qeyhi4qeyh.png\",\"contentUrl\":\"https:\\\/\\\/www.nebrijamallorca.com\\\/blog\\\/wp-content\\\/uploads\\\/2026\\\/06\\\/Gemini_Generated_Image_qeyhi4qeyhi4qeyh.png\",\"width\":1049,\"height\":719},{\"@type\":\"BreadcrumbList\",\"@id\":\"https:\\\/\\\/www.nebrijamallorca.com\\\/blog\\\/2026\\\/08\\\/19\\\/ventajas-estudiar-vivir-en-mallorca-estudiantes\\\/#breadcrumb\",\"itemListElement\":[{\"@type\":\"ListItem\",\"position\":1,\"name\":\"Portada\",\"item\":\"https:\\\/\\\/www.nebrijamallorca.com\\\/blog\\\/\"},{\"@type\":\"ListItem\",\"position\":2,\"name\":\"Estudiar y vivir en Mallorca: ventajas de formarte en un entorno id\u00edlico\"}]},{\"@type\":\"WebSite\",\"@id\":\"https:\\\/\\\/www.nebrijamallorca.com\\\/blog\\\/#website\",\"url\":\"https:\\\/\\\/www.nebrijamallorca.com\\\/blog\\\/\",\"name\":\"blog\",\"description\":\"\",\"publisher\":{\"@id\":\"https:\\\/\\\/www.nebrijamallorca.com\\\/blog\\\/#organization\"},\"potentialAction\":[{\"@type\":\"SearchAction\",\"target\":{\"@type\":\"EntryPoint\",\"urlTemplate\":\"https:\\\/\\\/www.nebrijamallorca.com\\\/blog\\\/?s={search_term_string}\"},\"query-input\":{\"@type\":\"PropertyValueSpecification\",\"valueRequired\":true,\"valueName\":\"search_term_string\"}}],\"inLanguage\":\"es\"},{\"@type\":\"Organization\",\"@id\":\"https:\\\/\\\/www.nebrijamallorca.com\\\/blog\\\/#organization\",\"name\":\"Centro Universitario Instituto Nebrija Mallorca\",\"url\":\"https:\\\/\\\/www.nebrijamallorca.com\\\/blog\\\/\",\"logo\":{\"@type\":\"ImageObject\",\"inLanguage\":\"es\",\"@id\":\"https:\\\/\\\/www.nebrijamallorca.com\\\/blog\\\/#\\\/schema\\\/logo\\\/image\\\/\",\"url\":\"https:\\\/\\\/www.nebrijamallorca.com\\\/blog\\\/wp-content\\\/uploads\\\/2026\\\/05\\\/logo-CUINM.svg\",\"contentUrl\":\"https:\\\/\\\/www.nebrijamallorca.com\\\/blog\\\/wp-content\\\/uploads\\\/2026\\\/05\\\/logo-CUINM.svg\",\"width\":974,\"height\":221,\"caption\":\"Centro Universitario Instituto Nebrija Mallorca\"},\"image\":{\"@id\":\"https:\\\/\\\/www.nebrijamallorca.com\\\/blog\\\/#\\\/schema\\\/logo\\\/image\\\/\"},\"sameAs\":[\"https:\\\/\\\/www.instagram.com\\\/cuinebrija_mallorca\\\/\",\"https:\\\/\\\/www.linkedin.com\\\/company\\\/centro-universitario-instituto-nebrija-mallorca\\\/\"]},{\"@type\":\"Person\",\"@id\":\"https:\\\/\\\/www.nebrijamallorca.com\\\/blog\\\/#\\\/schema\\\/person\\\/9ace66970ac827179a4945f143c39498\",\"name\":\"Maria Olivares\",\"image\":{\"@type\":\"ImageObject\",\"inLanguage\":\"es\",\"@id\":\"https:\\\/\\\/secure.gravatar.com\\\/avatar\\\/077374ce6cf5a3ce8c7ab4ba4733f03fbf0a9341688ee68f2fa8c68bbac82a3b?s=96&d=mm&r=g\",\"url\":\"https:\\\/\\\/secure.gravatar.com\\\/avatar\\\/077374ce6cf5a3ce8c7ab4ba4733f03fbf0a9341688ee68f2fa8c68bbac82a3b?s=96&d=mm&r=g\",\"contentUrl\":\"https:\\\/\\\/secure.gravatar.com\\\/avatar\\\/077374ce6cf5a3ce8c7ab4ba4733f03fbf0a9341688ee68f2fa8c68bbac82a3b?s=96&d=mm&r=g\",\"caption\":\"Maria Olivares\"},\"sameAs\":[\"https:\\\/\\\/www.linkedin.com\\\/in\\\/mariaolivarescomunicacion\\\/\"],\"url\":\"https:\\\/\\\/www.nebrijamallorca.com\\\/blog\\\/author\\\/maria-olivares\\\/\"}]}<\/script>\n<!-- \/ Yoast SEO plugin. -->","yoast_head_json":{"title":"Ventajas de Estudiar y Vivir en Mallorca | Nebrija Mallorca","description":"Descubre por qu\u00e9 Mallorca es el destino perfecto para tu etapa universitaria. Combinar estudios con la vida del Mediterr\u00e1neo.","robots":{"index":"index","follow":"follow","max-snippet":"max-snippet:-1","max-image-preview":"max-image-preview:large","max-video-preview":"max-video-preview:-1"},"canonical":"https:\/\/www.nebrijamallorca.com\/blog\/2026\/08\/19\/ventajas-estudiar-vivir-en-mallorca-estudiantes\/","og_locale":"es_ES","og_type":"article","og_title":"Ventajas de Estudiar y Vivir en Mallorca | Nebrija Mallorca","og_description":"Descubre por qu\u00e9 Mallorca es el destino perfecto para tu etapa universitaria. Combinar estudios con la vida del Mediterr\u00e1neo.","og_url":"https:\/\/www.nebrijamallorca.com\/blog\/2026\/08\/19\/ventajas-estudiar-vivir-en-mallorca-estudiantes\/","og_site_name":"Actualidad Nebrija Mallorca","article_published_time":"2026-08-19T12:16:25+00:00","article_modified_time":"2026-08-24T08:26:47+00:00","og_image":[{"width":1049,"height":719,"url":"https:\/\/www.nebrijamallorca.com\/blog\/wp-content\/uploads\/2026\/06\/Gemini_Generated_Image_qeyhi4qeyhi4qeyh.png","type":"image\/png"}],"author":"Maria Olivares","twitter_card":"summary_large_image","twitter_misc":{"Escrito por":"Maria Olivares","Tiempo de lectura":"3 minutos"},"schema":{"@context":"https:\/\/schema.org","@graph":[{"@type":"Article","@id":"https:\/\/www.nebrijamallorca.com\/blog\/2026\/08\/19\/ventajas-estudiar-vivir-en-mallorca-estudiantes\/#article","isPartOf":{"@id":"https:\/\/www.nebrijamallorca.com\/blog\/2026\/08\/19\/ventajas-estudiar-vivir-en-mallorca-estudiantes\/"},"author":{"name":"Maria Olivares","@id":"https:\/\/www.nebrijamallorca.com\/blog\/#\/schema\/person\/9ace66970ac827179a4945f143c39498"},"headline":"Estudiar y vivir en Mallorca: ventajas de formarte en un entorno id\u00edlico","datePublished":"2026-08-19T12:16:25+00:00","dateModified":"2026-08-24T08:26:47+00:00","mainEntityOfPage":{"@id":"https:\/\/www.nebrijamallorca.com\/blog\/2026\/08\/19\/ventajas-estudiar-vivir-en-mallorca-estudiantes\/"},"wordCount":519,"commentCount":0,"publisher":{"@id":"https:\/\/www.nebrijamallorca.com\/blog\/#organization"},"image":{"@id":"https:\/\/www.nebrijamallorca.com\/blog\/2026\/08\/19\/ventajas-estudiar-vivir-en-mallorca-estudiantes\/#primaryimage"},"thumbnailUrl":"https:\/\/www.nebrijamallorca.com\/blog\/wp-content\/uploads\/2026\/06\/Gemini_Generated_Image_qeyhi4qeyhi4qeyh.png","keywords":["Enfermer\u00eda en la privada","Enfermer\u00eda nebrija","Mallorca enfermer\u00eda","Manacor","Nebrija Mallorca","Porto Cristo","Pr\u00e1cticas Sanitarias"],"articleSection":["Enfermer\u00eda Mallorca","Estudiar enfermer\u00eda en Mallorca","Nebrija Mallorca"],"inLanguage":"es","potentialAction":[{"@type":"CommentAction","name":"Comment","target":["https:\/\/www.nebrijamallorca.com\/blog\/2026\/08\/19\/ventajas-estudiar-vivir-en-mallorca-estudiantes\/#respond"]}]},{"@type":"WebPage","@id":"https:\/\/www.nebrijamallorca.com\/blog\/2026\/08\/19\/ventajas-estudiar-vivir-en-mallorca-estudiantes\/","url":"https:\/\/www.nebrijamallorca.com\/blog\/2026\/08\/19\/ventajas-estudiar-vivir-en-mallorca-estudiantes\/","name":"Ventajas de Estudiar y Vivir en Mallorca | Nebrija Mallorca","isPartOf":{"@id":"https:\/\/www.nebrijamallorca.com\/blog\/#website"},"primaryImageOfPage":{"@id":"https:\/\/www.nebrijamallorca.com\/blog\/2026\/08\/19\/ventajas-estudiar-vivir-en-mallorca-estudiantes\/#primaryimage"},"image":{"@id":"https:\/\/www.nebrijamallorca.com\/blog\/2026\/08\/19\/ventajas-estudiar-vivir-en-mallorca-estudiantes\/#primaryimage"},"thumbnailUrl":"https:\/\/www.nebrijamallorca.com\/blog\/wp-content\/uploads\/2026\/06\/Gemini_Generated_Image_qeyhi4qeyhi4qeyh.png","datePublished":"2026-08-19T12:16:25+00:00","dateModified":"2026-08-24T08:26:47+00:00","description":"Descubre por qu\u00e9 Mallorca es el destino perfecto para tu etapa universitaria. Combinar estudios con la vida del Mediterr\u00e1neo.","breadcrumb":{"@id":"https:\/\/www.nebrijamallorca.com\/blog\/2026\/08\/19\/ventajas-estudiar-vivir-en-mallorca-estudiantes\/#breadcrumb"},"inLanguage":"es","potentialAction":[{"@type":"ReadAction","target":["https:\/\/www.nebrijamallorca.com\/blog\/2026\/08\/19\/ventajas-estudiar-vivir-en-mallorca-estudiantes\/"]}]},{"@type":"ImageObject","inLanguage":"es","@id":"https:\/\/www.nebrijamallorca.com\/blog\/2026\/08\/19\/ventajas-estudiar-vivir-en-mallorca-estudiantes\/#primaryimage","url":"https:\/\/www.nebrijamallorca.com\/blog\/wp-content\/uploads\/2026\/06\/Gemini_Generated_Image_qeyhi4qeyhi4qeyh.png","contentUrl":"https:\/\/www.nebrijamallorca.com\/blog\/wp-content\/uploads\/2026\/06\/Gemini_Generated_Image_qeyhi4qeyhi4qeyh.png","width":1049,"height":719},{"@type":"BreadcrumbList","@id":"https:\/\/www.nebrijamallorca.com\/blog\/2026\/08\/19\/ventajas-estudiar-vivir-en-mallorca-estudiantes\/#breadcrumb","itemListElement":[{"@type":"ListItem","position":1,"name":"Portada","item":"https:\/\/www.nebrijamallorca.com\/blog\/"},{"@type":"ListItem","position":2,"name":"Estudiar y vivir en Mallorca: ventajas de formarte en un entorno id\u00edlico"}]},{"@type":"WebSite","@id":"https:\/\/www.nebrijamallorca.com\/blog\/#website","url":"https:\/\/www.nebrijamallorca.com\/blog\/","name":"blog","description":"","publisher":{"@id":"https:\/\/www.nebrijamallorca.com\/blog\/#organization"},"potentialAction":[{"@type":"SearchAction","target":{"@type":"EntryPoint","urlTemplate":"https:\/\/www.nebrijamallorca.com\/blog\/?s={search_term_string}"},"query-input":{"@type":"PropertyValueSpecification","valueRequired":true,"valueName":"search_term_string"}}],"inLanguage":"es"},{"@type":"Organization","@id":"https:\/\/www.nebrijamallorca.com\/blog\/#organization","name":"Centro Universitario Instituto Nebrija Mallorca","url":"https:\/\/www.nebrijamallorca.com\/blog\/","logo":{"@type":"ImageObject","inLanguage":"es","@id":"https:\/\/www.nebrijamallorca.com\/blog\/#\/schema\/logo\/image\/","url":"https:\/\/www.nebrijamallorca.com\/blog\/wp-content\/uploads\/2026\/05\/logo-CUINM.svg","contentUrl":"https:\/\/www.nebrijamallorca.com\/blog\/wp-content\/uploads\/2026\/05\/logo-CUINM.svg","width":974,"height":221,"caption":"Centro Universitario Instituto Nebrija Mallorca"},"image":{"@id":"https:\/\/www.nebrijamallorca.com\/blog\/#\/schema\/logo\/image\/"},"sameAs":["https:\/\/www.instagram.com\/cuinebrija_mallorca\/","https:\/\/www.linkedin.com\/company\/centro-universitario-instituto-nebrija-mallorca\/"]},{"@type":"Person","@id":"https:\/\/www.nebrijamallorca.com\/blog\/#\/schema\/person\/9ace66970ac827179a4945f143c39498","name":"Maria Olivares","image":{"@type":"ImageObject","inLanguage":"es","@id":"https:\/\/secure.gravatar.com\/avatar\/077374ce6cf5a3ce8c7ab4ba4733f03fbf0a9341688ee68f2fa8c68bbac82a3b?s=96&d=mm&r=g","url":"https:\/\/secure.gravatar.com\/avatar\/077374ce6cf5a3ce8c7ab4ba4733f03fbf0a9341688ee68f2fa8c68bbac82a3b?s=96&d=mm&r=g","contentUrl":"https:\/\/secure.gravatar.com\/avatar\/077374ce6cf5a3ce8c7ab4ba4733f03fbf0a9341688ee68f2fa8c68bbac82a3b?s=96&d=mm&r=g","caption":"Maria Olivares"},"sameAs":["https:\/\/www.linkedin.com\/in\/mariaolivarescomunicacion\/"],"url":"https:\/\/www.nebrijamallorca.com\/blog\/author\/maria-olivares\/"}]}},"_links":{"self":[{"href":"https:\/\/www.nebrijamallorca.com\/blog\/wp-json\/wp\/v2\/posts\/147","targetHints":{"allow":["GET"]}}],"collection":[{"href":"https:\/\/www.nebrijamallorca.com\/blog\/wp-json\/wp\/v2\/posts"}],"about":[{"href":"https:\/\/www.nebrijamallorca.com\/blog\/wp-json\/wp\/v2\/types\/post"}],"author":[{"embeddable":true,"href":"https:\/\/www.nebrijamallorca.com\/blog\/wp-json\/wp\/v2\/users\/3"}],"replies":[{"embeddable":true,"href":"https:\/\/www.nebrijamallorca.com\/blog\/wp-json\/wp\/v2\/comments?post=147"}],"version-history":[{"count":2,"href":"https:\/\/www.nebrijamallorca.com\/blog\/wp-json\/wp\/v2\/posts\/147\/revisions"}],"predecessor-version":[{"id":260,"href":"https:\/\/www.nebrijamallorca.com\/blog\/wp-json\/wp\/v2\/posts\/147\/revisions\/260"}],"wp:featuredmedia":[{"embeddable":true,"href":"https:\/\/www.nebrijamallorca.com\/blog\/wp-json\/wp\/v2\/media\/148"}],"wp:attachment":[{"href":"https:\/\/www.nebrijamallorca.com\/blog\/wp-json\/wp\/v2\/media?parent=147"}],"wp:term":[{"taxonomy":"category","embeddable":true,"href":"https:\/\/www.nebrijamallorca.com\/blog\/wp-json\/wp\/v2\/categories?post=147"},{"taxonomy":"post_tag","embeddable":true,"href":"https:\/\/www.nebrijamallorca.com\/blog\/wp-json\/wp\/v2\/tags?post=147"}],"curies":[{"name":"wp","href":"https:\/\/api.w.org\/{rel}","templated":true}]}}