{"id":161,"date":"2026-08-17T11:00:00","date_gmt":"2026-08-17T09:00:00","guid":{"rendered":"https:\/\/www.nebrijamallorca.com\/blog\/?p=161"},"modified":"2026-08-24T10:27:55","modified_gmt":"2026-08-24T08:27:55","slug":"salidas-profesionales-donde-trabajar-enfermeria","status":"publish","type":"post","link":"https:\/\/www.nebrijamallorca.com\/blog\/2026\/08\/17\/salidas-profesionales-donde-trabajar-enfermeria\/","title":{"rendered":"Salidas profesionales de la Enfermer\u00eda: \u00bfD\u00f3nde podr\u00e1s trabajar al terminar tu grado?"},"content":{"rendered":"\n<p class=\"wp-block-paragraph\">No solamente la atenci\u00f3n hospitalaria es una de las opciones m\u00e1s comunes y apasionantes, la realidad es que el Grado en Enfermer\u00eda es una de las titulaciones con mayor versatilidad y abanico de salidas laborales del mercado actual.<\/p>\n\n\n\n<p class=\"wp-block-paragraph\">El sector de la salud est\u00e1 en constante evoluci\u00f3n y la necesidad de profesionales cualificados se extiende a \u00e1mbitos que van mucho m\u00e1s all\u00e1 del entorno cl\u00ednico tradicional.<\/p>\n\n\n\n<p class=\"wp-block-paragraph\">Si est\u00e1s a punto de iniciar tus estudios en el Centro Universitario Instituto Nebrija Mallorca (CUINMA), hoy te descubrimos los diferentes caminos profesionales que podr\u00e1s elegir al graduarte.<\/p>\n\n\n\n<h4 class=\"wp-block-heading\">1. \u00c1mbito asistencial tradicional <\/h4>\n\n\n\n<p class=\"wp-block-paragraph\">Es el n\u00facleo de la profesi\u00f3n y engloba la atenci\u00f3n directa al paciente. Aqu\u00ed las opciones se dividen en dos grandes bloques:<\/p>\n\n\n\n<ul class=\"wp-block-list\">\n<li>Atenci\u00f3n Especializada: Hospitales p\u00fablicos y privados (en servicios como quir\u00f3fano, UCI, pediatr\u00eda, oncolog\u00eda o urgencias). Gracias a nuestra alianza con Hospitales Parque, nuestros alumnos conocen de cerca este entorno real desde sus pr\u00e1cticas en el Hospital Parque Llevant.<\/li>\n\n\n\n<li>Atenci\u00f3n Primaria: Centros de salud y servicios comunitarios, donde el enfoque est\u00e1 en la prevenci\u00f3n, la educaci\u00f3n para la salud y el seguimiento de pacientes cr\u00f3nicos.<\/li>\n<\/ul>\n\n\n\n<h4 class=\"wp-block-heading\">2. Enfermer\u00eda en el \u00e1mbito corporativo y laboral<\/h4>\n\n\n\n<p class=\"wp-block-paragraph\">Las grandes empresas, f\u00e1bricas, aeropuertos y corporaciones est\u00e1n obligadas por ley a velar por la salud de sus trabajadores. La Enfermer\u00eda del Trabajo se encarga de la prevenci\u00f3n de riesgos laborales, la asistencia en accidentes dentro de la empresa y la promoci\u00f3n de h\u00e1bitos saludables entre los empleados.<\/p>\n\n\n\n<h4 class=\"wp-block-heading\">3. Enfermer\u00eda escolar y comunitaria<\/h4>\n\n\n\n<p class=\"wp-block-paragraph\">Cada vez son m\u00e1s los colegios e institutos que incorporan la figura de la enfermera escolar. Su labor es vital: atienden emergencias diarias, gestionan la medicaci\u00f3n de alumnos con enfermedades cr\u00f3nicas (como diabetes o asma) y realizan talleres de nutrici\u00f3n y salud afectivo-sexual.<\/p>\n\n\n\n<h4 class=\"wp-block-heading\">4. Sector sociosanitario y residencial<\/h4>\n\n\n\n<p class=\"wp-block-paragraph\">El aumento de la esperanza de vida ha convertido a la enfermer\u00eda geri\u00e1trica y sociosanitaria en uno de los campos con mayor demanda de empleo. Trabajar en residencias o centros de d\u00eda implica un cuidado continuo, humano y especializado para mejorar la calidad de vida de nuestros mayores.<\/p>\n\n\n\n<h4 class=\"wp-block-heading\">5. Gesti\u00f3n, docencia e investigaci\u00f3n<\/h4>\n\n\n\n<p class=\"wp-block-paragraph\">Si te apasiona la ciencia pero prefieres un entorno fuera de la asistencia directa:<\/p>\n\n\n\n<ul class=\"wp-block-list\">\n<li>Investigaci\u00f3n: Participando en ensayos cl\u00ednicos, desarrollo de nuevos tratamientos o mejora de protocolos de cuidados.<\/li>\n\n\n\n<li>Docencia: Formando a las futuras generaciones de enfermeros en universidades o centros de FP.<\/li>\n\n\n\n<li>Gesti\u00f3n Sanitaria: Coordinando equipos, supervisando plantas o dirigiendo centros de salud.<\/li>\n<\/ul>\n\n\n\n<h3 class=\"wp-block-heading\">Un futuro sin l\u00edmites<\/h3>\n\n\n\n<p class=\"wp-block-paragraph\">Estudiar Enfermer\u00eda en Manacor no solo te prepara para conseguir un empleo; te abre las puertas a una carrera profesional diversa, donde podr\u00e1s elegir el entorno que mejor se adapte a tus metas y a tu forma de entender el cuidado humano.<\/p>\n\n\n\n<p class=\"wp-block-paragraph\">Elige tu camino. Nosotros te damos las herramientas para alcanzarlo.<\/p>\n\n\n\n<p class=\"wp-block-paragraph\"><strong>\u00bfQuieres saber m\u00e1s sobre c\u00f3mo orientamos tu futuro laboral?<\/strong> <strong><a href=\"https:\/\/nebrijamallorca.com\/\" target=\"_blank\" rel=\"noreferrer noopener\">Conoce el plan de estudios y las ventajas del Grado en Enfermer\u00eda de Nebrija Mallorca aqu\u00ed.<\/a><\/strong><\/p>\n\n\n\n<p class=\"wp-block-paragraph\"><\/p>\n","protected":false},"excerpt":{"rendered":"<p>No solamente la atenci\u00f3n hospitalaria es una de las opciones m\u00e1s comunes y apasionantes, la realidad es que el Grado en Enfermer\u00eda es una de las titulaciones con mayor versatilidad y abanico de salidas laborales del mercado actual. El sector de la salud est\u00e1 en constante evoluci\u00f3n y la necesidad de profesionales cualificados se extiende [&hellip;]<\/p>\n","protected":false},"author":3,"featured_media":76,"comment_status":"closed","ping_status":"closed","sticky":false,"template":"","format":"standard","meta":{"footnotes":""},"categories":[10,11,35],"tags":[44,29,45,46],"class_list":["post-161","post","type-post","status-publish","format-standard","has-post-thumbnail","hentry","category-enfermeria-mallorca","category-nebrija-mallorca","category-orientacion-educativa","tag-empleabilidad","tag-enfermeria","tag-salidas-profesionales","tag-trabajo-sanitario"],"yoast_head":"<!-- This site is optimized with the Yoast SEO plugin v27.7 - https:\/\/yoast.com\/product\/yoast-seo-wordpress\/ -->\n<title>Principales Salidas Profesionales de la Enfermer\u00eda | CUINMA<\/title>\n<meta name=\"description\" content=\"Descubre las m\u00faltiples salidas profesionales y sectores donde podr\u00e1s ejercer al terminar tu grado en enfermer\u00eda en Nebrija Mallorca.\" \/>\n<meta name=\"robots\" content=\"index, follow, max-snippet:-1, max-image-preview:large, max-video-preview:-1\" \/>\n<link rel=\"canonical\" href=\"https:\/\/www.nebrijamallorca.com\/blog\/2026\/08\/17\/salidas-profesionales-donde-trabajar-enfermeria\/\" \/>\n<meta property=\"og:locale\" content=\"es_ES\" \/>\n<meta property=\"og:type\" content=\"article\" \/>\n<meta property=\"og:title\" content=\"Principales Salidas Profesionales de la Enfermer\u00eda | CUINMA\" \/>\n<meta property=\"og:description\" content=\"Descubre las m\u00faltiples salidas profesionales y sectores donde podr\u00e1s ejercer al terminar tu grado en enfermer\u00eda en Nebrija Mallorca.\" \/>\n<meta property=\"og:url\" content=\"https:\/\/www.nebrijamallorca.com\/blog\/2026\/08\/17\/salidas-profesionales-donde-trabajar-enfermeria\/\" \/>\n<meta property=\"og:site_name\" content=\"Actualidad Nebrija Mallorca\" \/>\n<meta property=\"article:published_time\" content=\"2026-08-17T09:00:00+00:00\" \/>\n<meta property=\"article:modified_time\" content=\"2026-08-24T08:27:55+00:00\" \/>\n<meta property=\"og:image\" content=\"https:\/\/www.nebrijamallorca.com\/blog\/wp-content\/uploads\/2026\/06\/render-1-1-scaled.png\" \/>\n\t<meta property=\"og:image:width\" content=\"2560\" \/>\n\t<meta property=\"og:image:height\" content=\"1440\" \/>\n\t<meta property=\"og:image:type\" content=\"image\/png\" \/>\n<meta name=\"author\" content=\"Maria Olivares\" \/>\n<meta name=\"twitter:card\" content=\"summary_large_image\" \/>\n<meta name=\"twitter:label1\" content=\"Escrito por\" \/>\n\t<meta name=\"twitter:data1\" content=\"Maria Olivares\" \/>\n\t<meta name=\"twitter:label2\" content=\"Tiempo de lectura\" \/>\n\t<meta name=\"twitter:data2\" content=\"3 minutos\" \/>\n<script type=\"application\/ld+json\" class=\"yoast-schema-graph\">{\"@context\":\"https:\\\/\\\/schema.org\",\"@graph\":[{\"@type\":\"Article\",\"@id\":\"https:\\\/\\\/www.nebrijamallorca.com\\\/blog\\\/2026\\\/08\\\/17\\\/salidas-profesionales-donde-trabajar-enfermeria\\\/#article\",\"isPartOf\":{\"@id\":\"https:\\\/\\\/www.nebrijamallorca.com\\\/blog\\\/2026\\\/08\\\/17\\\/salidas-profesionales-donde-trabajar-enfermeria\\\/\"},\"author\":{\"name\":\"Maria Olivares\",\"@id\":\"https:\\\/\\\/www.nebrijamallorca.com\\\/blog\\\/#\\\/schema\\\/person\\\/9ace66970ac827179a4945f143c39498\"},\"headline\":\"Salidas profesionales de la Enfermer\u00eda: \u00bfD\u00f3nde podr\u00e1s trabajar al terminar tu grado?\",\"datePublished\":\"2026-08-17T09:00:00+00:00\",\"dateModified\":\"2026-08-24T08:27:55+00:00\",\"mainEntityOfPage\":{\"@id\":\"https:\\\/\\\/www.nebrijamallorca.com\\\/blog\\\/2026\\\/08\\\/17\\\/salidas-profesionales-donde-trabajar-enfermeria\\\/\"},\"wordCount\":538,\"publisher\":{\"@id\":\"https:\\\/\\\/www.nebrijamallorca.com\\\/blog\\\/#organization\"},\"image\":{\"@id\":\"https:\\\/\\\/www.nebrijamallorca.com\\\/blog\\\/2026\\\/08\\\/17\\\/salidas-profesionales-donde-trabajar-enfermeria\\\/#primaryimage\"},\"thumbnailUrl\":\"https:\\\/\\\/www.nebrijamallorca.com\\\/blog\\\/wp-content\\\/uploads\\\/2026\\\/06\\\/render-1-1-scaled.png\",\"keywords\":[\"Empleabilidad\",\"Enfermer\u00eda\",\"Salidas Profesionales\",\"Trabajo Sanitario\"],\"articleSection\":[\"Enfermer\u00eda Mallorca\",\"Nebrija Mallorca\",\"Orientaci\u00f3n educativa\"],\"inLanguage\":\"es\"},{\"@type\":\"WebPage\",\"@id\":\"https:\\\/\\\/www.nebrijamallorca.com\\\/blog\\\/2026\\\/08\\\/17\\\/salidas-profesionales-donde-trabajar-enfermeria\\\/\",\"url\":\"https:\\\/\\\/www.nebrijamallorca.com\\\/blog\\\/2026\\\/08\\\/17\\\/salidas-profesionales-donde-trabajar-enfermeria\\\/\",\"name\":\"Principales Salidas Profesionales de la Enfermer\u00eda | CUINMA\",\"isPartOf\":{\"@id\":\"https:\\\/\\\/www.nebrijamallorca.com\\\/blog\\\/#website\"},\"primaryImageOfPage\":{\"@id\":\"https:\\\/\\\/www.nebrijamallorca.com\\\/blog\\\/2026\\\/08\\\/17\\\/salidas-profesionales-donde-trabajar-enfermeria\\\/#primaryimage\"},\"image\":{\"@id\":\"https:\\\/\\\/www.nebrijamallorca.com\\\/blog\\\/2026\\\/08\\\/17\\\/salidas-profesionales-donde-trabajar-enfermeria\\\/#primaryimage\"},\"thumbnailUrl\":\"https:\\\/\\\/www.nebrijamallorca.com\\\/blog\\\/wp-content\\\/uploads\\\/2026\\\/06\\\/render-1-1-scaled.png\",\"datePublished\":\"2026-08-17T09:00:00+00:00\",\"dateModified\":\"2026-08-24T08:27:55+00:00\",\"description\":\"Descubre las m\u00faltiples salidas profesionales y sectores donde podr\u00e1s ejercer al terminar tu grado en enfermer\u00eda en Nebrija Mallorca.\",\"breadcrumb\":{\"@id\":\"https:\\\/\\\/www.nebrijamallorca.com\\\/blog\\\/2026\\\/08\\\/17\\\/salidas-profesionales-donde-trabajar-enfermeria\\\/#breadcrumb\"},\"inLanguage\":\"es\",\"potentialAction\":[{\"@type\":\"ReadAction\",\"target\":[\"https:\\\/\\\/www.nebrijamallorca.com\\\/blog\\\/2026\\\/08\\\/17\\\/salidas-profesionales-donde-trabajar-enfermeria\\\/\"]}]},{\"@type\":\"ImageObject\",\"inLanguage\":\"es\",\"@id\":\"https:\\\/\\\/www.nebrijamallorca.com\\\/blog\\\/2026\\\/08\\\/17\\\/salidas-profesionales-donde-trabajar-enfermeria\\\/#primaryimage\",\"url\":\"https:\\\/\\\/www.nebrijamallorca.com\\\/blog\\\/wp-content\\\/uploads\\\/2026\\\/06\\\/render-1-1-scaled.png\",\"contentUrl\":\"https:\\\/\\\/www.nebrijamallorca.com\\\/blog\\\/wp-content\\\/uploads\\\/2026\\\/06\\\/render-1-1-scaled.png\",\"width\":2560,\"height\":1440},{\"@type\":\"BreadcrumbList\",\"@id\":\"https:\\\/\\\/www.nebrijamallorca.com\\\/blog\\\/2026\\\/08\\\/17\\\/salidas-profesionales-donde-trabajar-enfermeria\\\/#breadcrumb\",\"itemListElement\":[{\"@type\":\"ListItem\",\"position\":1,\"name\":\"Portada\",\"item\":\"https:\\\/\\\/www.nebrijamallorca.com\\\/blog\\\/\"},{\"@type\":\"ListItem\",\"position\":2,\"name\":\"Salidas profesionales de la Enfermer\u00eda: \u00bfD\u00f3nde podr\u00e1s trabajar al terminar tu grado?\"}]},{\"@type\":\"WebSite\",\"@id\":\"https:\\\/\\\/www.nebrijamallorca.com\\\/blog\\\/#website\",\"url\":\"https:\\\/\\\/www.nebrijamallorca.com\\\/blog\\\/\",\"name\":\"blog\",\"description\":\"\",\"publisher\":{\"@id\":\"https:\\\/\\\/www.nebrijamallorca.com\\\/blog\\\/#organization\"},\"potentialAction\":[{\"@type\":\"SearchAction\",\"target\":{\"@type\":\"EntryPoint\",\"urlTemplate\":\"https:\\\/\\\/www.nebrijamallorca.com\\\/blog\\\/?s={search_term_string}\"},\"query-input\":{\"@type\":\"PropertyValueSpecification\",\"valueRequired\":true,\"valueName\":\"search_term_string\"}}],\"inLanguage\":\"es\"},{\"@type\":\"Organization\",\"@id\":\"https:\\\/\\\/www.nebrijamallorca.com\\\/blog\\\/#organization\",\"name\":\"Centro Universitario Instituto Nebrija Mallorca\",\"url\":\"https:\\\/\\\/www.nebrijamallorca.com\\\/blog\\\/\",\"logo\":{\"@type\":\"ImageObject\",\"inLanguage\":\"es\",\"@id\":\"https:\\\/\\\/www.nebrijamallorca.com\\\/blog\\\/#\\\/schema\\\/logo\\\/image\\\/\",\"url\":\"https:\\\/\\\/www.nebrijamallorca.com\\\/blog\\\/wp-content\\\/uploads\\\/2026\\\/05\\\/logo-CUINM.svg\",\"contentUrl\":\"https:\\\/\\\/www.nebrijamallorca.com\\\/blog\\\/wp-content\\\/uploads\\\/2026\\\/05\\\/logo-CUINM.svg\",\"width\":974,\"height\":221,\"caption\":\"Centro Universitario Instituto Nebrija Mallorca\"},\"image\":{\"@id\":\"https:\\\/\\\/www.nebrijamallorca.com\\\/blog\\\/#\\\/schema\\\/logo\\\/image\\\/\"},\"sameAs\":[\"https:\\\/\\\/www.instagram.com\\\/cuinebrija_mallorca\\\/\",\"https:\\\/\\\/www.linkedin.com\\\/company\\\/centro-universitario-instituto-nebrija-mallorca\\\/\"]},{\"@type\":\"Person\",\"@id\":\"https:\\\/\\\/www.nebrijamallorca.com\\\/blog\\\/#\\\/schema\\\/person\\\/9ace66970ac827179a4945f143c39498\",\"name\":\"Maria Olivares\",\"image\":{\"@type\":\"ImageObject\",\"inLanguage\":\"es\",\"@id\":\"https:\\\/\\\/secure.gravatar.com\\\/avatar\\\/077374ce6cf5a3ce8c7ab4ba4733f03fbf0a9341688ee68f2fa8c68bbac82a3b?s=96&d=mm&r=g\",\"url\":\"https:\\\/\\\/secure.gravatar.com\\\/avatar\\\/077374ce6cf5a3ce8c7ab4ba4733f03fbf0a9341688ee68f2fa8c68bbac82a3b?s=96&d=mm&r=g\",\"contentUrl\":\"https:\\\/\\\/secure.gravatar.com\\\/avatar\\\/077374ce6cf5a3ce8c7ab4ba4733f03fbf0a9341688ee68f2fa8c68bbac82a3b?s=96&d=mm&r=g\",\"caption\":\"Maria Olivares\"},\"sameAs\":[\"https:\\\/\\\/www.linkedin.com\\\/in\\\/mariaolivarescomunicacion\\\/\"],\"url\":\"https:\\\/\\\/www.nebrijamallorca.com\\\/blog\\\/author\\\/maria-olivares\\\/\"}]}<\/script>\n<!-- \/ Yoast SEO plugin. -->","yoast_head_json":{"title":"Principales Salidas Profesionales de la Enfermer\u00eda | CUINMA","description":"Descubre las m\u00faltiples salidas profesionales y sectores donde podr\u00e1s ejercer al terminar tu grado en enfermer\u00eda en Nebrija Mallorca.","robots":{"index":"index","follow":"follow","max-snippet":"max-snippet:-1","max-image-preview":"max-image-preview:large","max-video-preview":"max-video-preview:-1"},"canonical":"https:\/\/www.nebrijamallorca.com\/blog\/2026\/08\/17\/salidas-profesionales-donde-trabajar-enfermeria\/","og_locale":"es_ES","og_type":"article","og_title":"Principales Salidas Profesionales de la Enfermer\u00eda | CUINMA","og_description":"Descubre las m\u00faltiples salidas profesionales y sectores donde podr\u00e1s ejercer al terminar tu grado en enfermer\u00eda en Nebrija Mallorca.","og_url":"https:\/\/www.nebrijamallorca.com\/blog\/2026\/08\/17\/salidas-profesionales-donde-trabajar-enfermeria\/","og_site_name":"Actualidad Nebrija Mallorca","article_published_time":"2026-08-17T09:00:00+00:00","article_modified_time":"2026-08-24T08:27:55+00:00","og_image":[{"width":2560,"height":1440,"url":"https:\/\/www.nebrijamallorca.com\/blog\/wp-content\/uploads\/2026\/06\/render-1-1-scaled.png","type":"image\/png"}],"author":"Maria Olivares","twitter_card":"summary_large_image","twitter_misc":{"Escrito por":"Maria Olivares","Tiempo de lectura":"3 minutos"},"schema":{"@context":"https:\/\/schema.org","@graph":[{"@type":"Article","@id":"https:\/\/www.nebrijamallorca.com\/blog\/2026\/08\/17\/salidas-profesionales-donde-trabajar-enfermeria\/#article","isPartOf":{"@id":"https:\/\/www.nebrijamallorca.com\/blog\/2026\/08\/17\/salidas-profesionales-donde-trabajar-enfermeria\/"},"author":{"name":"Maria Olivares","@id":"https:\/\/www.nebrijamallorca.com\/blog\/#\/schema\/person\/9ace66970ac827179a4945f143c39498"},"headline":"Salidas profesionales de la Enfermer\u00eda: \u00bfD\u00f3nde podr\u00e1s trabajar al terminar tu grado?","datePublished":"2026-08-17T09:00:00+00:00","dateModified":"2026-08-24T08:27:55+00:00","mainEntityOfPage":{"@id":"https:\/\/www.nebrijamallorca.com\/blog\/2026\/08\/17\/salidas-profesionales-donde-trabajar-enfermeria\/"},"wordCount":538,"publisher":{"@id":"https:\/\/www.nebrijamallorca.com\/blog\/#organization"},"image":{"@id":"https:\/\/www.nebrijamallorca.com\/blog\/2026\/08\/17\/salidas-profesionales-donde-trabajar-enfermeria\/#primaryimage"},"thumbnailUrl":"https:\/\/www.nebrijamallorca.com\/blog\/wp-content\/uploads\/2026\/06\/render-1-1-scaled.png","keywords":["Empleabilidad","Enfermer\u00eda","Salidas Profesionales","Trabajo Sanitario"],"articleSection":["Enfermer\u00eda Mallorca","Nebrija Mallorca","Orientaci\u00f3n educativa"],"inLanguage":"es"},{"@type":"WebPage","@id":"https:\/\/www.nebrijamallorca.com\/blog\/2026\/08\/17\/salidas-profesionales-donde-trabajar-enfermeria\/","url":"https:\/\/www.nebrijamallorca.com\/blog\/2026\/08\/17\/salidas-profesionales-donde-trabajar-enfermeria\/","name":"Principales Salidas Profesionales de la Enfermer\u00eda | CUINMA","isPartOf":{"@id":"https:\/\/www.nebrijamallorca.com\/blog\/#website"},"primaryImageOfPage":{"@id":"https:\/\/www.nebrijamallorca.com\/blog\/2026\/08\/17\/salidas-profesionales-donde-trabajar-enfermeria\/#primaryimage"},"image":{"@id":"https:\/\/www.nebrijamallorca.com\/blog\/2026\/08\/17\/salidas-profesionales-donde-trabajar-enfermeria\/#primaryimage"},"thumbnailUrl":"https:\/\/www.nebrijamallorca.com\/blog\/wp-content\/uploads\/2026\/06\/render-1-1-scaled.png","datePublished":"2026-08-17T09:00:00+00:00","dateModified":"2026-08-24T08:27:55+00:00","description":"Descubre las m\u00faltiples salidas profesionales y sectores donde podr\u00e1s ejercer al terminar tu grado en enfermer\u00eda en Nebrija Mallorca.","breadcrumb":{"@id":"https:\/\/www.nebrijamallorca.com\/blog\/2026\/08\/17\/salidas-profesionales-donde-trabajar-enfermeria\/#breadcrumb"},"inLanguage":"es","potentialAction":[{"@type":"ReadAction","target":["https:\/\/www.nebrijamallorca.com\/blog\/2026\/08\/17\/salidas-profesionales-donde-trabajar-enfermeria\/"]}]},{"@type":"ImageObject","inLanguage":"es","@id":"https:\/\/www.nebrijamallorca.com\/blog\/2026\/08\/17\/salidas-profesionales-donde-trabajar-enfermeria\/#primaryimage","url":"https:\/\/www.nebrijamallorca.com\/blog\/wp-content\/uploads\/2026\/06\/render-1-1-scaled.png","contentUrl":"https:\/\/www.nebrijamallorca.com\/blog\/wp-content\/uploads\/2026\/06\/render-1-1-scaled.png","width":2560,"height":1440},{"@type":"BreadcrumbList","@id":"https:\/\/www.nebrijamallorca.com\/blog\/2026\/08\/17\/salidas-profesionales-donde-trabajar-enfermeria\/#breadcrumb","itemListElement":[{"@type":"ListItem","position":1,"name":"Portada","item":"https:\/\/www.nebrijamallorca.com\/blog\/"},{"@type":"ListItem","position":2,"name":"Salidas profesionales de la Enfermer\u00eda: \u00bfD\u00f3nde podr\u00e1s trabajar al terminar tu grado?"}]},{"@type":"WebSite","@id":"https:\/\/www.nebrijamallorca.com\/blog\/#website","url":"https:\/\/www.nebrijamallorca.com\/blog\/","name":"blog","description":"","publisher":{"@id":"https:\/\/www.nebrijamallorca.com\/blog\/#organization"},"potentialAction":[{"@type":"SearchAction","target":{"@type":"EntryPoint","urlTemplate":"https:\/\/www.nebrijamallorca.com\/blog\/?s={search_term_string}"},"query-input":{"@type":"PropertyValueSpecification","valueRequired":true,"valueName":"search_term_string"}}],"inLanguage":"es"},{"@type":"Organization","@id":"https:\/\/www.nebrijamallorca.com\/blog\/#organization","name":"Centro Universitario Instituto Nebrija Mallorca","url":"https:\/\/www.nebrijamallorca.com\/blog\/","logo":{"@type":"ImageObject","inLanguage":"es","@id":"https:\/\/www.nebrijamallorca.com\/blog\/#\/schema\/logo\/image\/","url":"https:\/\/www.nebrijamallorca.com\/blog\/wp-content\/uploads\/2026\/05\/logo-CUINM.svg","contentUrl":"https:\/\/www.nebrijamallorca.com\/blog\/wp-content\/uploads\/2026\/05\/logo-CUINM.svg","width":974,"height":221,"caption":"Centro Universitario Instituto Nebrija Mallorca"},"image":{"@id":"https:\/\/www.nebrijamallorca.com\/blog\/#\/schema\/logo\/image\/"},"sameAs":["https:\/\/www.instagram.com\/cuinebrija_mallorca\/","https:\/\/www.linkedin.com\/company\/centro-universitario-instituto-nebrija-mallorca\/"]},{"@type":"Person","@id":"https:\/\/www.nebrijamallorca.com\/blog\/#\/schema\/person\/9ace66970ac827179a4945f143c39498","name":"Maria Olivares","image":{"@type":"ImageObject","inLanguage":"es","@id":"https:\/\/secure.gravatar.com\/avatar\/077374ce6cf5a3ce8c7ab4ba4733f03fbf0a9341688ee68f2fa8c68bbac82a3b?s=96&d=mm&r=g","url":"https:\/\/secure.gravatar.com\/avatar\/077374ce6cf5a3ce8c7ab4ba4733f03fbf0a9341688ee68f2fa8c68bbac82a3b?s=96&d=mm&r=g","contentUrl":"https:\/\/secure.gravatar.com\/avatar\/077374ce6cf5a3ce8c7ab4ba4733f03fbf0a9341688ee68f2fa8c68bbac82a3b?s=96&d=mm&r=g","caption":"Maria Olivares"},"sameAs":["https:\/\/www.linkedin.com\/in\/mariaolivarescomunicacion\/"],"url":"https:\/\/www.nebrijamallorca.com\/blog\/author\/maria-olivares\/"}]}},"_links":{"self":[{"href":"https:\/\/www.nebrijamallorca.com\/blog\/wp-json\/wp\/v2\/posts\/161","targetHints":{"allow":["GET"]}}],"collection":[{"href":"https:\/\/www.nebrijamallorca.com\/blog\/wp-json\/wp\/v2\/posts"}],"about":[{"href":"https:\/\/www.nebrijamallorca.com\/blog\/wp-json\/wp\/v2\/types\/post"}],"author":[{"embeddable":true,"href":"https:\/\/www.nebrijamallorca.com\/blog\/wp-json\/wp\/v2\/users\/3"}],"replies":[{"embeddable":true,"href":"https:\/\/www.nebrijamallorca.com\/blog\/wp-json\/wp\/v2\/comments?post=161"}],"version-history":[{"count":2,"href":"https:\/\/www.nebrijamallorca.com\/blog\/wp-json\/wp\/v2\/posts\/161\/revisions"}],"predecessor-version":[{"id":261,"href":"https:\/\/www.nebrijamallorca.com\/blog\/wp-json\/wp\/v2\/posts\/161\/revisions\/261"}],"wp:featuredmedia":[{"embeddable":true,"href":"https:\/\/www.nebrijamallorca.com\/blog\/wp-json\/wp\/v2\/media\/76"}],"wp:attachment":[{"href":"https:\/\/www.nebrijamallorca.com\/blog\/wp-json\/wp\/v2\/media?parent=161"}],"wp:term":[{"taxonomy":"category","embeddable":true,"href":"https:\/\/www.nebrijamallorca.com\/blog\/wp-json\/wp\/v2\/categories?post=161"},{"taxonomy":"post_tag","embeddable":true,"href":"https:\/\/www.nebrijamallorca.com\/blog\/wp-json\/wp\/v2\/tags?post=161"}],"curies":[{"name":"wp","href":"https:\/\/api.w.org\/{rel}","templated":true}]}}