{"id":167,"date":"2026-08-31T10:55:00","date_gmt":"2026-08-31T08:55:00","guid":{"rendered":"https:\/\/www.nebrijamallorca.com\/blog\/?p=167"},"modified":"2026-06-22T16:02:48","modified_gmt":"2026-06-22T14:02:48","slug":"como-organizarte-estudiar-mejor-consejos-universidad","status":"publish","type":"post","link":"https:\/\/www.nebrijamallorca.com\/blog\/2026\/08\/31\/como-organizarte-estudiar-mejor-consejos-universidad\/","title":{"rendered":"C\u00f3mo organizarte y estudiar mejor: Consejos pr\u00e1cticos para triunfar en la universidad"},"content":{"rendered":"\n<p class=\"wp-block-paragraph\">Dar el salto a la universidad es una de las aventuras m\u00e1s emocionantes de tu vida: te adentras en las materias que de verdad te apasionan, asumes nuevas responsabilidades y disfrutas de una libertad casi total para gestionar tus horarios. Sin embargo, esa misma independencia puede abrumar los primeros d\u00edas cuando te das cuenta de que ya no hay nadie record\u00e1ndote las tareas pendientes.<\/p>\n\n\n\n<p class=\"wp-block-paragraph\">\u00bfQu\u00e9 pasos debes seguir para tomar las riendas, estudiar mejor y optimizar tu rendimiento desde el primer d\u00eda?<\/p>\n\n\n\n<p class=\"wp-block-paragraph\">Afrontar un grado universitario \u2014especialmente una titulaci\u00f3n con tanta carga pr\u00e1ctica y exigencia humana como el Grado en Enfermer\u00eda\u2014 requiere un enfoque diferente al del instituto. Las asignaturas cambian, los laboratorios exigen constancia y las evaluaciones continuas o trabajos en equipo est\u00e1n a la orden del d\u00eda. En el<a href=\"https:\/\/www.nebrijamallorca.com\/\"> <strong>Centro Universitario Instituto Nebrija Mallorca (CUINMA)<\/strong><\/a> el alumno es el centro del aprendizaje, lo que significa que t\u00fa lideras tu espacio de trabajo, aunque siempre respaldado por la atenci\u00f3n personalizada de tus profesores.<\/p>\n\n\n\n<p class=\"wp-block-paragraph\">Aqu\u00ed tienes la gu\u00eda definitiva para estructurar tu tiempo y exprimir al m\u00e1ximo tu potencial acad\u00e9mico en nuestro campus de Manacor.<\/p>\n\n\n\n<h4 class=\"wp-block-heading\">La base del \u00e9xito: herramientas para adue\u00f1arte de tu tiempo<\/h4>\n\n\n\n<p class=\"wp-block-paragraph\">Antes de abrir los libros, el verdadero secreto radica en vaciar tu \u00abdisco duro\u00bb mental y plasmar tus tareas en soportes externos. No conf\u00edes todo a la memoria; ap\u00f3yate en estos tres recursos infalibles:<\/p>\n\n\n\n<ul class=\"wp-block-list\">\n<li>La agenda (f\u00edsica o digital): Un cl\u00e1sico imprescindible. Si eres nativo digital, utiliza aplicaciones m\u00f3viles y activa alertas obligatorias para entregas de trabajos o preparaci\u00f3n de seminarios. El truco es revisarla cada ma\u00f1ana de forma sistem\u00e1tica.<\/li>\n\n\n\n<li>El planificador mensual visible: Combina el calendario de ex\u00e1menes oficial del centro con un cuadrante propio en tu pared. Tener una perspectiva visual a medio y largo plazo evitar\u00e1 que los ex\u00e1menes \u00abte pillen por sorpresa\u00bb a final de trimestre.<\/li>\n\n\n\n<li>El panel de control visual (Tabl\u00f3n de tareas): Una pizarra o corcho en tu zona de estudio estructurado en tres columnas b\u00e1sicas: <em>Por hacer<\/em>, <em>En proceso<\/em> y <em>Hecho<\/em>. Usa notas adhesivas de colores seg\u00fan el nivel de urgencia cl\u00ednica o acad\u00e9mica.<\/li>\n<\/ul>\n\n\n\n<h4 class=\"wp-block-heading\">El m\u00e9todo de estudio definitivo en 5 fases<\/h4>\n\n\n\n<p class=\"wp-block-paragraph\">Estudiar bien no consiste en leer la misma p\u00e1gina en bucle hasta memorizarla de forma mec\u00e1nica. Para asimilar conceptos complejos y retenerlos a largo plazo, es mucho m\u00e1s eficiente seguir un m\u00e9todo estructurado y activo:<\/p>\n\n\n\n<h5 class=\"wp-block-heading\">1. Prelectura o toma de contacto<\/h5>\n\n\n\n<p class=\"wp-block-paragraph\">Realiza un escaneo r\u00e1pido del tema que vas a abordar. Lee los t\u00edtulos, los subt\u00edtulos, los gr\u00e1ficos y el resumen final. No intentes memorizar nada a\u00fan; el objetivo de esta fase es familiarizarte con el volumen del contenido y entender de qu\u00e9 trata globalmente.<\/p>\n\n\n\n<h5 class=\"wp-block-heading\">2. Lectura compresiva y subrayado anal\u00edtico<\/h5>\n\n\n\n<p class=\"wp-block-paragraph\">Vuelve a leer el texto detenidamente, esta vez buscando comprender cada frase. Identifica las ideas principales y secundarias utilizando colores diferenciados. Escribe anotaciones o palabras clave en los m\u00e1rgenes de los apuntes para estructurar la informaci\u00f3n.<\/p>\n\n\n\n<h5 class=\"wp-block-heading\">3. Sintetizaci\u00f3n activa<\/h5>\n\n\n\n<p class=\"wp-block-paragraph\">Lleg\u00f3 el momento de plasmar lo aprendido con tus propias palabras. Dise\u00f1a mapas conceptuales, diagramas de flujo o esquemas limpios y muy visuales. En materias como anatom\u00eda o farmacolog\u00eda, conectar conceptos de forma gr\u00e1fica estimula de forma directa tu memoria visual.<\/p>\n\n\n\n<h5 class=\"wp-block-heading\">4. Memorizaci\u00f3n y asociaci\u00f3n sensorial<\/h5>\n\n\n\n<p class=\"wp-block-paragraph\">Fija los conocimientos relacionando los datos puros con est\u00edmulos diferentes. Utiliza reglas mnemot\u00e9cnicas, asocia conceptos complejos a situaciones pr\u00e1cticas de simulaci\u00f3n cl\u00ednica que hayas visto en los laboratorios de Manacor o expl\u00edcale la lecci\u00f3n en voz alta a un compa\u00f1ero de clase.<\/p>\n\n\n\n<h5 class=\"wp-block-heading\">5. Autoevaluaci\u00f3n honesta<\/h5>\n\n\n\n<p class=\"wp-block-paragraph\">Ponte a prueba simulando un escenario real de examen sin mirar los apuntes. Realiza cuestionarios de pr\u00e1ctica, responde preguntas al azar o escribe un desarrollo l\u00f3gico del tema. Si eres capaz de estructurar el contenido de forma coherente de memoria, habr\u00e1s alcanzado el objetivo.<\/p>\n\n\n\n<h4 class=\"wp-block-heading\">El motor definitivo: Curiosidad y emoci\u00f3n<\/h4>\n\n\n\n<p class=\"wp-block-paragraph\">Puedes aplicar el mejor m\u00e9todo del mundo, pero el verdadero motor para estudiar mejor reside en tu actitud. El aprendizaje real ocurre cuando sustituyes la sensaci\u00f3n de \u00abobligaci\u00f3n\u00bb por la curiosidad cient\u00edfica.<\/p>\n\n\n\n<p class=\"wp-block-paragraph\">En las ciencias de la salud, cada concepto te\u00f3rico que asimilas en el aula est\u00e1 directamente conectado con una vida que cuidar\u00e1s ma\u00f1ana en tus pr\u00e1cticas en el <a href=\"https:\/\/www.hospitalesparque.es\/\"><strong>Hospital Parque Llevant<\/strong>. <\/a>Cuando estudias con la emoci\u00f3n de saber que tus conocimientos marcar\u00e1n la diferencia en el bienestar de un paciente, fijar la informaci\u00f3n en tu memoria se vuelve un proceso natural y lleno de prop\u00f3sito.<\/p>\n\n\n\n<h3 class=\"wp-block-heading\">Comienza tu camino con las herramientas adecuadas<\/h3>\n\n\n\n<p class=\"wp-block-paragraph\">En el Centro Universitario Instituto Nebrija Mallorca entendemos que aprender a aprender es la habilidad m\u00e1s valiosa de un universitario. Por eso, nuestro modelo de grupos reducidos te garantiza el acompa\u00f1amiento necesario para que desarrolles tu propio m\u00e9todo de \u00e9xito.<\/p>\n\n\n\n<p class=\"wp-block-paragraph\">\u00a1Organiza tu espacio, conf\u00eda en tu potencial y prep\u00e1rate para brillar!<\/p>\n\n\n\n<p class=\"wp-block-paragraph\"><strong>\u00bfListo para dar el paso hacia tu futuro en el sector sanitario?<\/strong> <strong><a href=\"https:\/\/nebrijamallorca.com\/\" target=\"_blank\" rel=\"noreferrer noopener\">Descubre las ventajas de nuestra metodolog\u00eda pr\u00e1ctica en Manacor y solicita informaci\u00f3n sobre el Grado en Enfermer\u00eda.<\/a><\/strong><\/p>\n","protected":false},"excerpt":{"rendered":"<p>Dar el salto a la universidad es una de las aventuras m\u00e1s emocionantes de tu vida: te adentras en las materias que de verdad te apasionan, asumes nuevas responsabilidades y disfrutas de una libertad casi total para gestionar tus horarios. Sin embargo, esa misma independencia puede abrumar los primeros d\u00edas cuando te das cuenta de [&hellip;]<\/p>\n","protected":false},"author":3,"featured_media":168,"comment_status":"closed","ping_status":"closed","sticky":false,"template":"","format":"standard","meta":{"footnotes":""},"categories":[10,11,35],"tags":[43,16,51,52,50],"class_list":["post-167","post","type-post","status-publish","format-standard","has-post-thumbnail","hentry","category-enfermeria-mallorca","category-nebrija-mallorca","category-orientacion-educativa","tag-cuinma","tag-manacor","tag-organizacion","tag-tecnicas-de-estudio","tag-vida-universitaria"],"yoast_head":"<!-- This site is optimized with the Yoast SEO plugin v27.7 - https:\/\/yoast.com\/product\/yoast-seo-wordpress\/ -->\n<title>Consejos para estudiar mejor y organizarte tu grado universitario<\/title>\n<meta name=\"description\" content=\"El paso a la universidad exige autonom\u00eda. Te ense\u00f1amos a organizar tu tiempo y a estudiar mejor para tu grado en Manacor.\" \/>\n<meta name=\"robots\" content=\"index, follow, max-snippet:-1, max-image-preview:large, max-video-preview:-1\" \/>\n<link rel=\"canonical\" href=\"https:\/\/www.nebrijamallorca.com\/blog\/2026\/08\/31\/como-organizarte-estudiar-mejor-consejos-universidad\/\" \/>\n<meta property=\"og:locale\" content=\"es_ES\" \/>\n<meta property=\"og:type\" content=\"article\" \/>\n<meta property=\"og:title\" content=\"Consejos para estudiar mejor y organizarte tu grado universitario\" \/>\n<meta property=\"og:description\" content=\"El paso a la universidad exige autonom\u00eda. Te ense\u00f1amos a organizar tu tiempo y a estudiar mejor para tu grado en Manacor.\" \/>\n<meta property=\"og:url\" content=\"https:\/\/www.nebrijamallorca.com\/blog\/2026\/08\/31\/como-organizarte-estudiar-mejor-consejos-universidad\/\" \/>\n<meta property=\"og:site_name\" content=\"Actualidad Nebrija Mallorca\" \/>\n<meta property=\"article:published_time\" content=\"2026-08-31T08:55:00+00:00\" \/>\n<meta property=\"og:image\" content=\"https:\/\/www.nebrijamallorca.com\/blog\/wp-content\/uploads\/2026\/06\/Gemini_Generated_Image_w5621gw5621gw562-1024x641.png\" \/>\n\t<meta property=\"og:image:width\" content=\"1024\" \/>\n\t<meta property=\"og:image:height\" content=\"641\" \/>\n\t<meta property=\"og:image:type\" content=\"image\/png\" \/>\n<meta name=\"author\" content=\"Maria Olivares\" \/>\n<meta name=\"twitter:card\" content=\"summary_large_image\" \/>\n<meta name=\"twitter:label1\" content=\"Escrito por\" \/>\n\t<meta name=\"twitter:data1\" content=\"Maria Olivares\" \/>\n\t<meta name=\"twitter:label2\" content=\"Tiempo de lectura\" \/>\n\t<meta name=\"twitter:data2\" content=\"4 minutos\" \/>\n<script type=\"application\/ld+json\" class=\"yoast-schema-graph\">{\"@context\":\"https:\\\/\\\/schema.org\",\"@graph\":[{\"@type\":\"Article\",\"@id\":\"https:\\\/\\\/www.nebrijamallorca.com\\\/blog\\\/2026\\\/08\\\/31\\\/como-organizarte-estudiar-mejor-consejos-universidad\\\/#article\",\"isPartOf\":{\"@id\":\"https:\\\/\\\/www.nebrijamallorca.com\\\/blog\\\/2026\\\/08\\\/31\\\/como-organizarte-estudiar-mejor-consejos-universidad\\\/\"},\"author\":{\"name\":\"Maria Olivares\",\"@id\":\"https:\\\/\\\/www.nebrijamallorca.com\\\/blog\\\/#\\\/schema\\\/person\\\/9ace66970ac827179a4945f143c39498\"},\"headline\":\"C\u00f3mo organizarte y estudiar mejor: Consejos pr\u00e1cticos para triunfar en la universidad\",\"datePublished\":\"2026-08-31T08:55:00+00:00\",\"mainEntityOfPage\":{\"@id\":\"https:\\\/\\\/www.nebrijamallorca.com\\\/blog\\\/2026\\\/08\\\/31\\\/como-organizarte-estudiar-mejor-consejos-universidad\\\/\"},\"wordCount\":900,\"publisher\":{\"@id\":\"https:\\\/\\\/www.nebrijamallorca.com\\\/blog\\\/#organization\"},\"image\":{\"@id\":\"https:\\\/\\\/www.nebrijamallorca.com\\\/blog\\\/2026\\\/08\\\/31\\\/como-organizarte-estudiar-mejor-consejos-universidad\\\/#primaryimage\"},\"thumbnailUrl\":\"https:\\\/\\\/www.nebrijamallorca.com\\\/blog\\\/wp-content\\\/uploads\\\/2026\\\/06\\\/Gemini_Generated_Image_w5621gw5621gw562.png\",\"keywords\":[\"CUINMA\",\"Manacor\",\"Organizaci\u00f3n\",\"T\u00e9cnicas de Estudio\",\"Vida Universitaria\"],\"articleSection\":[\"Enfermer\u00eda Mallorca\",\"Nebrija Mallorca\",\"Orientaci\u00f3n educativa\"],\"inLanguage\":\"es\"},{\"@type\":\"WebPage\",\"@id\":\"https:\\\/\\\/www.nebrijamallorca.com\\\/blog\\\/2026\\\/08\\\/31\\\/como-organizarte-estudiar-mejor-consejos-universidad\\\/\",\"url\":\"https:\\\/\\\/www.nebrijamallorca.com\\\/blog\\\/2026\\\/08\\\/31\\\/como-organizarte-estudiar-mejor-consejos-universidad\\\/\",\"name\":\"Consejos para estudiar mejor y organizarte tu grado universitario\",\"isPartOf\":{\"@id\":\"https:\\\/\\\/www.nebrijamallorca.com\\\/blog\\\/#website\"},\"primaryImageOfPage\":{\"@id\":\"https:\\\/\\\/www.nebrijamallorca.com\\\/blog\\\/2026\\\/08\\\/31\\\/como-organizarte-estudiar-mejor-consejos-universidad\\\/#primaryimage\"},\"image\":{\"@id\":\"https:\\\/\\\/www.nebrijamallorca.com\\\/blog\\\/2026\\\/08\\\/31\\\/como-organizarte-estudiar-mejor-consejos-universidad\\\/#primaryimage\"},\"thumbnailUrl\":\"https:\\\/\\\/www.nebrijamallorca.com\\\/blog\\\/wp-content\\\/uploads\\\/2026\\\/06\\\/Gemini_Generated_Image_w5621gw5621gw562.png\",\"datePublished\":\"2026-08-31T08:55:00+00:00\",\"description\":\"El paso a la universidad exige autonom\u00eda. Te ense\u00f1amos a organizar tu tiempo y a estudiar mejor para tu grado en Manacor.\",\"breadcrumb\":{\"@id\":\"https:\\\/\\\/www.nebrijamallorca.com\\\/blog\\\/2026\\\/08\\\/31\\\/como-organizarte-estudiar-mejor-consejos-universidad\\\/#breadcrumb\"},\"inLanguage\":\"es\",\"potentialAction\":[{\"@type\":\"ReadAction\",\"target\":[\"https:\\\/\\\/www.nebrijamallorca.com\\\/blog\\\/2026\\\/08\\\/31\\\/como-organizarte-estudiar-mejor-consejos-universidad\\\/\"]}]},{\"@type\":\"ImageObject\",\"inLanguage\":\"es\",\"@id\":\"https:\\\/\\\/www.nebrijamallorca.com\\\/blog\\\/2026\\\/08\\\/31\\\/como-organizarte-estudiar-mejor-consejos-universidad\\\/#primaryimage\",\"url\":\"https:\\\/\\\/www.nebrijamallorca.com\\\/blog\\\/wp-content\\\/uploads\\\/2026\\\/06\\\/Gemini_Generated_Image_w5621gw5621gw562.png\",\"contentUrl\":\"https:\\\/\\\/www.nebrijamallorca.com\\\/blog\\\/wp-content\\\/uploads\\\/2026\\\/06\\\/Gemini_Generated_Image_w5621gw5621gw562.png\",\"width\":1145,\"height\":717},{\"@type\":\"BreadcrumbList\",\"@id\":\"https:\\\/\\\/www.nebrijamallorca.com\\\/blog\\\/2026\\\/08\\\/31\\\/como-organizarte-estudiar-mejor-consejos-universidad\\\/#breadcrumb\",\"itemListElement\":[{\"@type\":\"ListItem\",\"position\":1,\"name\":\"Portada\",\"item\":\"https:\\\/\\\/www.nebrijamallorca.com\\\/blog\\\/\"},{\"@type\":\"ListItem\",\"position\":2,\"name\":\"C\u00f3mo organizarte y estudiar mejor: Consejos pr\u00e1cticos para triunfar en la universidad\"}]},{\"@type\":\"WebSite\",\"@id\":\"https:\\\/\\\/www.nebrijamallorca.com\\\/blog\\\/#website\",\"url\":\"https:\\\/\\\/www.nebrijamallorca.com\\\/blog\\\/\",\"name\":\"blog\",\"description\":\"\",\"publisher\":{\"@id\":\"https:\\\/\\\/www.nebrijamallorca.com\\\/blog\\\/#organization\"},\"potentialAction\":[{\"@type\":\"SearchAction\",\"target\":{\"@type\":\"EntryPoint\",\"urlTemplate\":\"https:\\\/\\\/www.nebrijamallorca.com\\\/blog\\\/?s={search_term_string}\"},\"query-input\":{\"@type\":\"PropertyValueSpecification\",\"valueRequired\":true,\"valueName\":\"search_term_string\"}}],\"inLanguage\":\"es\"},{\"@type\":\"Organization\",\"@id\":\"https:\\\/\\\/www.nebrijamallorca.com\\\/blog\\\/#organization\",\"name\":\"Centro Universitario Instituto Nebrija Mallorca\",\"url\":\"https:\\\/\\\/www.nebrijamallorca.com\\\/blog\\\/\",\"logo\":{\"@type\":\"ImageObject\",\"inLanguage\":\"es\",\"@id\":\"https:\\\/\\\/www.nebrijamallorca.com\\\/blog\\\/#\\\/schema\\\/logo\\\/image\\\/\",\"url\":\"https:\\\/\\\/www.nebrijamallorca.com\\\/blog\\\/wp-content\\\/uploads\\\/2026\\\/05\\\/logo-CUINM.svg\",\"contentUrl\":\"https:\\\/\\\/www.nebrijamallorca.com\\\/blog\\\/wp-content\\\/uploads\\\/2026\\\/05\\\/logo-CUINM.svg\",\"width\":974,\"height\":221,\"caption\":\"Centro Universitario Instituto Nebrija Mallorca\"},\"image\":{\"@id\":\"https:\\\/\\\/www.nebrijamallorca.com\\\/blog\\\/#\\\/schema\\\/logo\\\/image\\\/\"},\"sameAs\":[\"https:\\\/\\\/www.instagram.com\\\/cuinebrija_mallorca\\\/\",\"https:\\\/\\\/www.linkedin.com\\\/company\\\/centro-universitario-instituto-nebrija-mallorca\\\/\"]},{\"@type\":\"Person\",\"@id\":\"https:\\\/\\\/www.nebrijamallorca.com\\\/blog\\\/#\\\/schema\\\/person\\\/9ace66970ac827179a4945f143c39498\",\"name\":\"Maria Olivares\",\"image\":{\"@type\":\"ImageObject\",\"inLanguage\":\"es\",\"@id\":\"https:\\\/\\\/secure.gravatar.com\\\/avatar\\\/077374ce6cf5a3ce8c7ab4ba4733f03fbf0a9341688ee68f2fa8c68bbac82a3b?s=96&d=mm&r=g\",\"url\":\"https:\\\/\\\/secure.gravatar.com\\\/avatar\\\/077374ce6cf5a3ce8c7ab4ba4733f03fbf0a9341688ee68f2fa8c68bbac82a3b?s=96&d=mm&r=g\",\"contentUrl\":\"https:\\\/\\\/secure.gravatar.com\\\/avatar\\\/077374ce6cf5a3ce8c7ab4ba4733f03fbf0a9341688ee68f2fa8c68bbac82a3b?s=96&d=mm&r=g\",\"caption\":\"Maria Olivares\"},\"sameAs\":[\"https:\\\/\\\/www.linkedin.com\\\/in\\\/mariaolivarescomunicacion\\\/\"],\"url\":\"https:\\\/\\\/www.nebrijamallorca.com\\\/blog\\\/author\\\/maria-olivares\\\/\"}]}<\/script>\n<!-- \/ Yoast SEO plugin. -->","yoast_head_json":{"title":"Consejos para estudiar mejor y organizarte tu grado universitario","description":"El paso a la universidad exige autonom\u00eda. Te ense\u00f1amos a organizar tu tiempo y a estudiar mejor para tu grado en Manacor.","robots":{"index":"index","follow":"follow","max-snippet":"max-snippet:-1","max-image-preview":"max-image-preview:large","max-video-preview":"max-video-preview:-1"},"canonical":"https:\/\/www.nebrijamallorca.com\/blog\/2026\/08\/31\/como-organizarte-estudiar-mejor-consejos-universidad\/","og_locale":"es_ES","og_type":"article","og_title":"Consejos para estudiar mejor y organizarte tu grado universitario","og_description":"El paso a la universidad exige autonom\u00eda. Te ense\u00f1amos a organizar tu tiempo y a estudiar mejor para tu grado en Manacor.","og_url":"https:\/\/www.nebrijamallorca.com\/blog\/2026\/08\/31\/como-organizarte-estudiar-mejor-consejos-universidad\/","og_site_name":"Actualidad Nebrija Mallorca","article_published_time":"2026-08-31T08:55:00+00:00","og_image":[{"width":1024,"height":641,"url":"https:\/\/www.nebrijamallorca.com\/blog\/wp-content\/uploads\/2026\/06\/Gemini_Generated_Image_w5621gw5621gw562-1024x641.png","type":"image\/png"}],"author":"Maria Olivares","twitter_card":"summary_large_image","twitter_misc":{"Escrito por":"Maria Olivares","Tiempo de lectura":"4 minutos"},"schema":{"@context":"https:\/\/schema.org","@graph":[{"@type":"Article","@id":"https:\/\/www.nebrijamallorca.com\/blog\/2026\/08\/31\/como-organizarte-estudiar-mejor-consejos-universidad\/#article","isPartOf":{"@id":"https:\/\/www.nebrijamallorca.com\/blog\/2026\/08\/31\/como-organizarte-estudiar-mejor-consejos-universidad\/"},"author":{"name":"Maria Olivares","@id":"https:\/\/www.nebrijamallorca.com\/blog\/#\/schema\/person\/9ace66970ac827179a4945f143c39498"},"headline":"C\u00f3mo organizarte y estudiar mejor: Consejos pr\u00e1cticos para triunfar en la universidad","datePublished":"2026-08-31T08:55:00+00:00","mainEntityOfPage":{"@id":"https:\/\/www.nebrijamallorca.com\/blog\/2026\/08\/31\/como-organizarte-estudiar-mejor-consejos-universidad\/"},"wordCount":900,"publisher":{"@id":"https:\/\/www.nebrijamallorca.com\/blog\/#organization"},"image":{"@id":"https:\/\/www.nebrijamallorca.com\/blog\/2026\/08\/31\/como-organizarte-estudiar-mejor-consejos-universidad\/#primaryimage"},"thumbnailUrl":"https:\/\/www.nebrijamallorca.com\/blog\/wp-content\/uploads\/2026\/06\/Gemini_Generated_Image_w5621gw5621gw562.png","keywords":["CUINMA","Manacor","Organizaci\u00f3n","T\u00e9cnicas de Estudio","Vida Universitaria"],"articleSection":["Enfermer\u00eda Mallorca","Nebrija Mallorca","Orientaci\u00f3n educativa"],"inLanguage":"es"},{"@type":"WebPage","@id":"https:\/\/www.nebrijamallorca.com\/blog\/2026\/08\/31\/como-organizarte-estudiar-mejor-consejos-universidad\/","url":"https:\/\/www.nebrijamallorca.com\/blog\/2026\/08\/31\/como-organizarte-estudiar-mejor-consejos-universidad\/","name":"Consejos para estudiar mejor y organizarte tu grado universitario","isPartOf":{"@id":"https:\/\/www.nebrijamallorca.com\/blog\/#website"},"primaryImageOfPage":{"@id":"https:\/\/www.nebrijamallorca.com\/blog\/2026\/08\/31\/como-organizarte-estudiar-mejor-consejos-universidad\/#primaryimage"},"image":{"@id":"https:\/\/www.nebrijamallorca.com\/blog\/2026\/08\/31\/como-organizarte-estudiar-mejor-consejos-universidad\/#primaryimage"},"thumbnailUrl":"https:\/\/www.nebrijamallorca.com\/blog\/wp-content\/uploads\/2026\/06\/Gemini_Generated_Image_w5621gw5621gw562.png","datePublished":"2026-08-31T08:55:00+00:00","description":"El paso a la universidad exige autonom\u00eda. Te ense\u00f1amos a organizar tu tiempo y a estudiar mejor para tu grado en Manacor.","breadcrumb":{"@id":"https:\/\/www.nebrijamallorca.com\/blog\/2026\/08\/31\/como-organizarte-estudiar-mejor-consejos-universidad\/#breadcrumb"},"inLanguage":"es","potentialAction":[{"@type":"ReadAction","target":["https:\/\/www.nebrijamallorca.com\/blog\/2026\/08\/31\/como-organizarte-estudiar-mejor-consejos-universidad\/"]}]},{"@type":"ImageObject","inLanguage":"es","@id":"https:\/\/www.nebrijamallorca.com\/blog\/2026\/08\/31\/como-organizarte-estudiar-mejor-consejos-universidad\/#primaryimage","url":"https:\/\/www.nebrijamallorca.com\/blog\/wp-content\/uploads\/2026\/06\/Gemini_Generated_Image_w5621gw5621gw562.png","contentUrl":"https:\/\/www.nebrijamallorca.com\/blog\/wp-content\/uploads\/2026\/06\/Gemini_Generated_Image_w5621gw5621gw562.png","width":1145,"height":717},{"@type":"BreadcrumbList","@id":"https:\/\/www.nebrijamallorca.com\/blog\/2026\/08\/31\/como-organizarte-estudiar-mejor-consejos-universidad\/#breadcrumb","itemListElement":[{"@type":"ListItem","position":1,"name":"Portada","item":"https:\/\/www.nebrijamallorca.com\/blog\/"},{"@type":"ListItem","position":2,"name":"C\u00f3mo organizarte y estudiar mejor: Consejos pr\u00e1cticos para triunfar en la universidad"}]},{"@type":"WebSite","@id":"https:\/\/www.nebrijamallorca.com\/blog\/#website","url":"https:\/\/www.nebrijamallorca.com\/blog\/","name":"blog","description":"","publisher":{"@id":"https:\/\/www.nebrijamallorca.com\/blog\/#organization"},"potentialAction":[{"@type":"SearchAction","target":{"@type":"EntryPoint","urlTemplate":"https:\/\/www.nebrijamallorca.com\/blog\/?s={search_term_string}"},"query-input":{"@type":"PropertyValueSpecification","valueRequired":true,"valueName":"search_term_string"}}],"inLanguage":"es"},{"@type":"Organization","@id":"https:\/\/www.nebrijamallorca.com\/blog\/#organization","name":"Centro Universitario Instituto Nebrija Mallorca","url":"https:\/\/www.nebrijamallorca.com\/blog\/","logo":{"@type":"ImageObject","inLanguage":"es","@id":"https:\/\/www.nebrijamallorca.com\/blog\/#\/schema\/logo\/image\/","url":"https:\/\/www.nebrijamallorca.com\/blog\/wp-content\/uploads\/2026\/05\/logo-CUINM.svg","contentUrl":"https:\/\/www.nebrijamallorca.com\/blog\/wp-content\/uploads\/2026\/05\/logo-CUINM.svg","width":974,"height":221,"caption":"Centro Universitario Instituto Nebrija Mallorca"},"image":{"@id":"https:\/\/www.nebrijamallorca.com\/blog\/#\/schema\/logo\/image\/"},"sameAs":["https:\/\/www.instagram.com\/cuinebrija_mallorca\/","https:\/\/www.linkedin.com\/company\/centro-universitario-instituto-nebrija-mallorca\/"]},{"@type":"Person","@id":"https:\/\/www.nebrijamallorca.com\/blog\/#\/schema\/person\/9ace66970ac827179a4945f143c39498","name":"Maria Olivares","image":{"@type":"ImageObject","inLanguage":"es","@id":"https:\/\/secure.gravatar.com\/avatar\/077374ce6cf5a3ce8c7ab4ba4733f03fbf0a9341688ee68f2fa8c68bbac82a3b?s=96&d=mm&r=g","url":"https:\/\/secure.gravatar.com\/avatar\/077374ce6cf5a3ce8c7ab4ba4733f03fbf0a9341688ee68f2fa8c68bbac82a3b?s=96&d=mm&r=g","contentUrl":"https:\/\/secure.gravatar.com\/avatar\/077374ce6cf5a3ce8c7ab4ba4733f03fbf0a9341688ee68f2fa8c68bbac82a3b?s=96&d=mm&r=g","caption":"Maria Olivares"},"sameAs":["https:\/\/www.linkedin.com\/in\/mariaolivarescomunicacion\/"],"url":"https:\/\/www.nebrijamallorca.com\/blog\/author\/maria-olivares\/"}]}},"_links":{"self":[{"href":"https:\/\/www.nebrijamallorca.com\/blog\/wp-json\/wp\/v2\/posts\/167","targetHints":{"allow":["GET"]}}],"collection":[{"href":"https:\/\/www.nebrijamallorca.com\/blog\/wp-json\/wp\/v2\/posts"}],"about":[{"href":"https:\/\/www.nebrijamallorca.com\/blog\/wp-json\/wp\/v2\/types\/post"}],"author":[{"embeddable":true,"href":"https:\/\/www.nebrijamallorca.com\/blog\/wp-json\/wp\/v2\/users\/3"}],"replies":[{"embeddable":true,"href":"https:\/\/www.nebrijamallorca.com\/blog\/wp-json\/wp\/v2\/comments?post=167"}],"version-history":[{"count":1,"href":"https:\/\/www.nebrijamallorca.com\/blog\/wp-json\/wp\/v2\/posts\/167\/revisions"}],"predecessor-version":[{"id":169,"href":"https:\/\/www.nebrijamallorca.com\/blog\/wp-json\/wp\/v2\/posts\/167\/revisions\/169"}],"wp:featuredmedia":[{"embeddable":true,"href":"https:\/\/www.nebrijamallorca.com\/blog\/wp-json\/wp\/v2\/media\/168"}],"wp:attachment":[{"href":"https:\/\/www.nebrijamallorca.com\/blog\/wp-json\/wp\/v2\/media?parent=167"}],"wp:term":[{"taxonomy":"category","embeddable":true,"href":"https:\/\/www.nebrijamallorca.com\/blog\/wp-json\/wp\/v2\/categories?post=167"},{"taxonomy":"post_tag","embeddable":true,"href":"https:\/\/www.nebrijamallorca.com\/blog\/wp-json\/wp\/v2\/tags?post=167"}],"curies":[{"name":"wp","href":"https:\/\/api.w.org\/{rel}","templated":true}]}}