{"id":174,"date":"2026-07-02T10:06:50","date_gmt":"2026-07-02T08:06:50","guid":{"rendered":"https:\/\/www.nebrijamallorca.com\/blog\/?p=174"},"modified":"2026-07-02T10:21:21","modified_gmt":"2026-07-02T08:21:21","slug":"becas-grado-enfermeria-mallorca","status":"publish","type":"post","link":"https:\/\/www.nebrijamallorca.com\/blog\/2026\/07\/02\/becas-grado-enfermeria-mallorca\/","title":{"rendered":"Hospitales Parque e Institutos Nebrija lanzan cuatro becas para estudiar el Grado en Enfermer\u00eda en el curso 2026-2027"},"content":{"rendered":"\n<ul class=\"wp-block-list\">\n<li><strong>Las ayudas cubrir\u00e1n el 50% del coste de la docencia del Grado en Enfermer\u00eda durante el curso 2026-2027, impartido en el Campus de Enfermer\u00eda Manacor \u2013 Hospital Parque Llevant<\/strong><\/li>\n\n\n\n<li><strong>Las becas incluyen una v\u00eda preferente de incorporaci\u00f3n profesional a Hospital Parque Llevant al finalizar los estudios, reforzando la conexi\u00f3n entre la formaci\u00f3n y el empleo sanitario<\/strong><\/li>\n<\/ul>\n\n\n\n<p class=\"wp-block-paragraph\"><strong>Manacor, 2 de julio de 2026<\/strong><\/p>\n\n\n\n<p class=\"wp-block-paragraph\">Hospitales Parque y el Centro Universitario Nebrija Mallorca (CUINMA) han puesto en marcha una nueva convocatoria de becas destinada a estudiantes del Grado en Enfermer\u00eda, con el objetivo de facilitar el acceso a la educaci\u00f3n superior, fomentar el talento local y contribuir a la formaci\u00f3n de los futuros profesionales sanitarios de Mallorca.<\/p>\n\n\n\n<p class=\"wp-block-paragraph\">La convocatoria contempla la concesi\u00f3n de cuatro becas que cubrir\u00e1n el 50% del importe de la docencia del curso acad\u00e9mico 2026-2027, excluyendo los conceptos de matr\u00edcula y reserva de plaza. La iniciativa forma parte del compromiso de ambas entidades con la igualdad de oportunidades, la excelencia acad\u00e9mica y el desarrollo del sector sanitario en las Islas Baleares.<\/p>\n\n\n\n<p class=\"wp-block-paragraph\">Podr\u00e1n optar a estas ayudas los estudiantes que hayan realizado la reserva de plaza o est\u00e9n matriculados en el Grado en Enfermer\u00eda de CUINMA y cumplan alguno de los requisitos establecidos en las bases de la convocatoria. Entre ellos, figuran la residencia en determinados municipios de Mallorca, la obtenci\u00f3n de un expediente acad\u00e9mico destacado o la vinculaci\u00f3n laboral familiar con el Grupo Helvetia.<\/p>\n\n\n\n<p class=\"wp-block-paragraph\">Adem\u00e1s del apoyo econ\u00f3mico, el programa busca reforzar el v\u00ednculo entre la formaci\u00f3n universitaria y el entorno asistencial. En este sentido, los alumnos beneficiarios asumir\u00e1n el compromiso de incorporarse a Hospital o Residencia Parque Llevant una vez finalizado el Grado en Enfermer\u00eda, siempre que reciban una oferta laboral a jornada completa dentro de los tres meses posteriores a la finalizaci\u00f3n de sus estudios. La permanencia m\u00ednima establecida ser\u00e1 de dos a\u00f1os, garantizando as\u00ed que la inversi\u00f3n realizada en la formaci\u00f3n de los estudiantes revierta directamente en la atenci\u00f3n sanitaria y en el fortalecimiento del talento profesional en Mallorca.<\/p>\n\n\n\n<p class=\"wp-block-paragraph\">Este modelo permite a los futuros enfermeros contar con una oportunidad real de inserci\u00f3n laboral al finalizar sus estudios, al tiempo que contribuye a dar respuesta a la creciente demanda de profesionales cualificados en el \u00e1mbito sanitario.<\/p>\n\n\n\n<p class=\"wp-block-paragraph\">Los estudiantes interesados pueden consultar las bases completas de la convocatoria y solicitar informaci\u00f3n sobre el proceso de admisi\u00f3n a trav\u00e9s del <a href=\"https:\/\/urldefense.com\/v3\/__https:\/www.nebrijamallorca.com\/__;!!D9dNQwwGXtA!QQO4oHZ_thou4PZAcJIidXE9gBcwmtsZV6z6v0w4bRPKlvSIylTyFSMkUygR2mOU3clIaTERGDLp74_U1he0pE7EN09OMg$\">Centro Universitario Nebrija Mallorca.<\/a>&nbsp;<\/p>\n\n\n\n<p class=\"wp-block-paragraph\">El centro mantiene abierto el proceso de admisi\u00f3n para el Grado en Enfermer\u00eda y ofrece acompa\u00f1amiento personalizado durante todo el procedimiento.<\/p>\n\n\n\n<p class=\"wp-block-paragraph\"><\/p>\n","protected":false},"excerpt":{"rendered":"<p>Manacor, 2 de julio de 2026 Hospitales Parque y el Centro Universitario Nebrija Mallorca (CUINMA) han puesto en marcha una nueva convocatoria de becas destinada a estudiantes del Grado en Enfermer\u00eda, con el objetivo de facilitar el acceso a la educaci\u00f3n superior, fomentar el talento local y contribuir a la formaci\u00f3n de los futuros profesionales [&hellip;]<\/p>\n","protected":false},"author":3,"featured_media":175,"comment_status":"closed","ping_status":"closed","sticky":false,"template":"","format":"standard","meta":{"footnotes":""},"categories":[12,10,22,7,11,1],"tags":[],"class_list":["post-174","post","type-post","status-publish","format-standard","has-post-thumbnail","hentry","category-acuerdos-de-colaboracion","category-enfermeria-mallorca","category-estudiar-enfermeria-en-mallorca","category-hospitales-parque","category-nebrija-mallorca","category-sin-categoria"],"yoast_head":"<!-- This site is optimized with the Yoast SEO plugin v27.7 - https:\/\/yoast.com\/product\/yoast-seo-wordpress\/ -->\n<title>Hospitales Parque y Nebrija lanzan 4 becas para estudiar Enfermer\u00eda en Mallorca<\/title>\n<meta name=\"description\" content=\"Hospitales Parque e Institutos Nebrija ofrecen cuatro becas para estudiar el Grado en Enfermer\u00eda en Mallorca durante el curso 2026-2027. Descubre los requisitos y c\u00f3mo solicitarlas.\" \/>\n<meta name=\"robots\" content=\"index, follow, max-snippet:-1, max-image-preview:large, max-video-preview:-1\" \/>\n<link rel=\"canonical\" href=\"https:\/\/www.nebrijamallorca.com\/blog\/2026\/07\/02\/becas-grado-enfermeria-mallorca\/\" \/>\n<meta property=\"og:locale\" content=\"es_ES\" \/>\n<meta property=\"og:type\" content=\"article\" \/>\n<meta property=\"og:title\" content=\"Hospitales Parque y Nebrija lanzan 4 becas para estudiar Enfermer\u00eda en Mallorca\" \/>\n<meta property=\"og:description\" content=\"Hospitales Parque e Institutos Nebrija ofrecen cuatro becas para estudiar el Grado en Enfermer\u00eda en Mallorca durante el curso 2026-2027. Descubre los requisitos y c\u00f3mo solicitarlas.\" \/>\n<meta property=\"og:url\" content=\"https:\/\/www.nebrijamallorca.com\/blog\/2026\/07\/02\/becas-grado-enfermeria-mallorca\/\" \/>\n<meta property=\"og:site_name\" content=\"Actualidad Nebrija Mallorca\" \/>\n<meta property=\"article:published_time\" content=\"2026-07-02T08:06:50+00:00\" \/>\n<meta property=\"article:modified_time\" content=\"2026-07-02T08:21:21+00:00\" \/>\n<meta property=\"og:image\" content=\"https:\/\/www.nebrijamallorca.com\/blog\/wp-content\/uploads\/2026\/07\/NdP_Becas-Llevant-y-Nebrija.jpeg\" \/>\n\t<meta property=\"og:image:width\" content=\"2048\" \/>\n\t<meta property=\"og:image:height\" content=\"1536\" \/>\n\t<meta property=\"og:image:type\" content=\"image\/jpeg\" \/>\n<meta name=\"author\" content=\"Maria Olivares\" \/>\n<meta name=\"twitter:card\" content=\"summary_large_image\" \/>\n<meta name=\"twitter:label1\" content=\"Escrito por\" \/>\n\t<meta name=\"twitter:data1\" content=\"Maria Olivares\" \/>\n\t<meta name=\"twitter:label2\" content=\"Tiempo de lectura\" \/>\n\t<meta name=\"twitter:data2\" content=\"3 minutos\" \/>\n<script type=\"application\/ld+json\" class=\"yoast-schema-graph\">{\"@context\":\"https:\\\/\\\/schema.org\",\"@graph\":[{\"@type\":\"Article\",\"@id\":\"https:\\\/\\\/www.nebrijamallorca.com\\\/blog\\\/2026\\\/07\\\/02\\\/becas-grado-enfermeria-mallorca\\\/#article\",\"isPartOf\":{\"@id\":\"https:\\\/\\\/www.nebrijamallorca.com\\\/blog\\\/2026\\\/07\\\/02\\\/becas-grado-enfermeria-mallorca\\\/\"},\"author\":{\"name\":\"Maria Olivares\",\"@id\":\"https:\\\/\\\/www.nebrijamallorca.com\\\/blog\\\/#\\\/schema\\\/person\\\/9ace66970ac827179a4945f143c39498\"},\"headline\":\"Hospitales Parque e Institutos Nebrija lanzan cuatro becas para estudiar el Grado en Enfermer\u00eda en el curso 2026-2027\",\"datePublished\":\"2026-07-02T08:06:50+00:00\",\"dateModified\":\"2026-07-02T08:21:21+00:00\",\"mainEntityOfPage\":{\"@id\":\"https:\\\/\\\/www.nebrijamallorca.com\\\/blog\\\/2026\\\/07\\\/02\\\/becas-grado-enfermeria-mallorca\\\/\"},\"wordCount\":471,\"publisher\":{\"@id\":\"https:\\\/\\\/www.nebrijamallorca.com\\\/blog\\\/#organization\"},\"image\":{\"@id\":\"https:\\\/\\\/www.nebrijamallorca.com\\\/blog\\\/2026\\\/07\\\/02\\\/becas-grado-enfermeria-mallorca\\\/#primaryimage\"},\"thumbnailUrl\":\"https:\\\/\\\/www.nebrijamallorca.com\\\/blog\\\/wp-content\\\/uploads\\\/2026\\\/07\\\/NdP_Becas-Llevant-y-Nebrija.jpeg\",\"articleSection\":[\"Acuerdos de colaboraci\u00f3n\",\"Enfermer\u00eda Mallorca\",\"Estudiar enfermer\u00eda en Mallorca\",\"Hospitales Parque\",\"Nebrija Mallorca\"],\"inLanguage\":\"es\"},{\"@type\":\"WebPage\",\"@id\":\"https:\\\/\\\/www.nebrijamallorca.com\\\/blog\\\/2026\\\/07\\\/02\\\/becas-grado-enfermeria-mallorca\\\/\",\"url\":\"https:\\\/\\\/www.nebrijamallorca.com\\\/blog\\\/2026\\\/07\\\/02\\\/becas-grado-enfermeria-mallorca\\\/\",\"name\":\"Hospitales Parque y Nebrija lanzan 4 becas para estudiar Enfermer\u00eda en Mallorca\",\"isPartOf\":{\"@id\":\"https:\\\/\\\/www.nebrijamallorca.com\\\/blog\\\/#website\"},\"primaryImageOfPage\":{\"@id\":\"https:\\\/\\\/www.nebrijamallorca.com\\\/blog\\\/2026\\\/07\\\/02\\\/becas-grado-enfermeria-mallorca\\\/#primaryimage\"},\"image\":{\"@id\":\"https:\\\/\\\/www.nebrijamallorca.com\\\/blog\\\/2026\\\/07\\\/02\\\/becas-grado-enfermeria-mallorca\\\/#primaryimage\"},\"thumbnailUrl\":\"https:\\\/\\\/www.nebrijamallorca.com\\\/blog\\\/wp-content\\\/uploads\\\/2026\\\/07\\\/NdP_Becas-Llevant-y-Nebrija.jpeg\",\"datePublished\":\"2026-07-02T08:06:50+00:00\",\"dateModified\":\"2026-07-02T08:21:21+00:00\",\"description\":\"Hospitales Parque e Institutos Nebrija ofrecen cuatro becas para estudiar el Grado en Enfermer\u00eda en Mallorca durante el curso 2026-2027. Descubre los requisitos y c\u00f3mo solicitarlas.\",\"breadcrumb\":{\"@id\":\"https:\\\/\\\/www.nebrijamallorca.com\\\/blog\\\/2026\\\/07\\\/02\\\/becas-grado-enfermeria-mallorca\\\/#breadcrumb\"},\"inLanguage\":\"es\",\"potentialAction\":[{\"@type\":\"ReadAction\",\"target\":[\"https:\\\/\\\/www.nebrijamallorca.com\\\/blog\\\/2026\\\/07\\\/02\\\/becas-grado-enfermeria-mallorca\\\/\"]}]},{\"@type\":\"ImageObject\",\"inLanguage\":\"es\",\"@id\":\"https:\\\/\\\/www.nebrijamallorca.com\\\/blog\\\/2026\\\/07\\\/02\\\/becas-grado-enfermeria-mallorca\\\/#primaryimage\",\"url\":\"https:\\\/\\\/www.nebrijamallorca.com\\\/blog\\\/wp-content\\\/uploads\\\/2026\\\/07\\\/NdP_Becas-Llevant-y-Nebrija.jpeg\",\"contentUrl\":\"https:\\\/\\\/www.nebrijamallorca.com\\\/blog\\\/wp-content\\\/uploads\\\/2026\\\/07\\\/NdP_Becas-Llevant-y-Nebrija.jpeg\",\"width\":2048,\"height\":1536,\"caption\":\"Directivos de Nebrija y Hospitales Parque\"},{\"@type\":\"BreadcrumbList\",\"@id\":\"https:\\\/\\\/www.nebrijamallorca.com\\\/blog\\\/2026\\\/07\\\/02\\\/becas-grado-enfermeria-mallorca\\\/#breadcrumb\",\"itemListElement\":[{\"@type\":\"ListItem\",\"position\":1,\"name\":\"Portada\",\"item\":\"https:\\\/\\\/www.nebrijamallorca.com\\\/blog\\\/\"},{\"@type\":\"ListItem\",\"position\":2,\"name\":\"Hospitales Parque e Institutos Nebrija lanzan cuatro becas para estudiar el Grado en Enfermer\u00eda en el curso 2026-2027\"}]},{\"@type\":\"WebSite\",\"@id\":\"https:\\\/\\\/www.nebrijamallorca.com\\\/blog\\\/#website\",\"url\":\"https:\\\/\\\/www.nebrijamallorca.com\\\/blog\\\/\",\"name\":\"blog\",\"description\":\"\",\"publisher\":{\"@id\":\"https:\\\/\\\/www.nebrijamallorca.com\\\/blog\\\/#organization\"},\"potentialAction\":[{\"@type\":\"SearchAction\",\"target\":{\"@type\":\"EntryPoint\",\"urlTemplate\":\"https:\\\/\\\/www.nebrijamallorca.com\\\/blog\\\/?s={search_term_string}\"},\"query-input\":{\"@type\":\"PropertyValueSpecification\",\"valueRequired\":true,\"valueName\":\"search_term_string\"}}],\"inLanguage\":\"es\"},{\"@type\":\"Organization\",\"@id\":\"https:\\\/\\\/www.nebrijamallorca.com\\\/blog\\\/#organization\",\"name\":\"Centro Universitario Instituto Nebrija Mallorca\",\"url\":\"https:\\\/\\\/www.nebrijamallorca.com\\\/blog\\\/\",\"logo\":{\"@type\":\"ImageObject\",\"inLanguage\":\"es\",\"@id\":\"https:\\\/\\\/www.nebrijamallorca.com\\\/blog\\\/#\\\/schema\\\/logo\\\/image\\\/\",\"url\":\"https:\\\/\\\/www.nebrijamallorca.com\\\/blog\\\/wp-content\\\/uploads\\\/2026\\\/05\\\/logo-CUINM.svg\",\"contentUrl\":\"https:\\\/\\\/www.nebrijamallorca.com\\\/blog\\\/wp-content\\\/uploads\\\/2026\\\/05\\\/logo-CUINM.svg\",\"width\":974,\"height\":221,\"caption\":\"Centro Universitario Instituto Nebrija Mallorca\"},\"image\":{\"@id\":\"https:\\\/\\\/www.nebrijamallorca.com\\\/blog\\\/#\\\/schema\\\/logo\\\/image\\\/\"},\"sameAs\":[\"https:\\\/\\\/www.instagram.com\\\/cuinebrija_mallorca\\\/\",\"https:\\\/\\\/www.linkedin.com\\\/company\\\/centro-universitario-instituto-nebrija-mallorca\\\/\"]},{\"@type\":\"Person\",\"@id\":\"https:\\\/\\\/www.nebrijamallorca.com\\\/blog\\\/#\\\/schema\\\/person\\\/9ace66970ac827179a4945f143c39498\",\"name\":\"Maria Olivares\",\"image\":{\"@type\":\"ImageObject\",\"inLanguage\":\"es\",\"@id\":\"https:\\\/\\\/secure.gravatar.com\\\/avatar\\\/077374ce6cf5a3ce8c7ab4ba4733f03fbf0a9341688ee68f2fa8c68bbac82a3b?s=96&d=mm&r=g\",\"url\":\"https:\\\/\\\/secure.gravatar.com\\\/avatar\\\/077374ce6cf5a3ce8c7ab4ba4733f03fbf0a9341688ee68f2fa8c68bbac82a3b?s=96&d=mm&r=g\",\"contentUrl\":\"https:\\\/\\\/secure.gravatar.com\\\/avatar\\\/077374ce6cf5a3ce8c7ab4ba4733f03fbf0a9341688ee68f2fa8c68bbac82a3b?s=96&d=mm&r=g\",\"caption\":\"Maria Olivares\"},\"sameAs\":[\"https:\\\/\\\/www.linkedin.com\\\/in\\\/mariaolivarescomunicacion\\\/\"],\"url\":\"https:\\\/\\\/www.nebrijamallorca.com\\\/blog\\\/author\\\/maria-olivares\\\/\"}]}<\/script>\n<!-- \/ Yoast SEO plugin. -->","yoast_head_json":{"title":"Hospitales Parque y Nebrija lanzan 4 becas para estudiar Enfermer\u00eda en Mallorca","description":"Hospitales Parque e Institutos Nebrija ofrecen cuatro becas para estudiar el Grado en Enfermer\u00eda en Mallorca durante el curso 2026-2027. Descubre los requisitos y c\u00f3mo solicitarlas.","robots":{"index":"index","follow":"follow","max-snippet":"max-snippet:-1","max-image-preview":"max-image-preview:large","max-video-preview":"max-video-preview:-1"},"canonical":"https:\/\/www.nebrijamallorca.com\/blog\/2026\/07\/02\/becas-grado-enfermeria-mallorca\/","og_locale":"es_ES","og_type":"article","og_title":"Hospitales Parque y Nebrija lanzan 4 becas para estudiar Enfermer\u00eda en Mallorca","og_description":"Hospitales Parque e Institutos Nebrija ofrecen cuatro becas para estudiar el Grado en Enfermer\u00eda en Mallorca durante el curso 2026-2027. Descubre los requisitos y c\u00f3mo solicitarlas.","og_url":"https:\/\/www.nebrijamallorca.com\/blog\/2026\/07\/02\/becas-grado-enfermeria-mallorca\/","og_site_name":"Actualidad Nebrija Mallorca","article_published_time":"2026-07-02T08:06:50+00:00","article_modified_time":"2026-07-02T08:21:21+00:00","og_image":[{"width":2048,"height":1536,"url":"https:\/\/www.nebrijamallorca.com\/blog\/wp-content\/uploads\/2026\/07\/NdP_Becas-Llevant-y-Nebrija.jpeg","type":"image\/jpeg"}],"author":"Maria Olivares","twitter_card":"summary_large_image","twitter_misc":{"Escrito por":"Maria Olivares","Tiempo de lectura":"3 minutos"},"schema":{"@context":"https:\/\/schema.org","@graph":[{"@type":"Article","@id":"https:\/\/www.nebrijamallorca.com\/blog\/2026\/07\/02\/becas-grado-enfermeria-mallorca\/#article","isPartOf":{"@id":"https:\/\/www.nebrijamallorca.com\/blog\/2026\/07\/02\/becas-grado-enfermeria-mallorca\/"},"author":{"name":"Maria Olivares","@id":"https:\/\/www.nebrijamallorca.com\/blog\/#\/schema\/person\/9ace66970ac827179a4945f143c39498"},"headline":"Hospitales Parque e Institutos Nebrija lanzan cuatro becas para estudiar el Grado en Enfermer\u00eda en el curso 2026-2027","datePublished":"2026-07-02T08:06:50+00:00","dateModified":"2026-07-02T08:21:21+00:00","mainEntityOfPage":{"@id":"https:\/\/www.nebrijamallorca.com\/blog\/2026\/07\/02\/becas-grado-enfermeria-mallorca\/"},"wordCount":471,"publisher":{"@id":"https:\/\/www.nebrijamallorca.com\/blog\/#organization"},"image":{"@id":"https:\/\/www.nebrijamallorca.com\/blog\/2026\/07\/02\/becas-grado-enfermeria-mallorca\/#primaryimage"},"thumbnailUrl":"https:\/\/www.nebrijamallorca.com\/blog\/wp-content\/uploads\/2026\/07\/NdP_Becas-Llevant-y-Nebrija.jpeg","articleSection":["Acuerdos de colaboraci\u00f3n","Enfermer\u00eda Mallorca","Estudiar enfermer\u00eda en Mallorca","Hospitales Parque","Nebrija Mallorca"],"inLanguage":"es"},{"@type":"WebPage","@id":"https:\/\/www.nebrijamallorca.com\/blog\/2026\/07\/02\/becas-grado-enfermeria-mallorca\/","url":"https:\/\/www.nebrijamallorca.com\/blog\/2026\/07\/02\/becas-grado-enfermeria-mallorca\/","name":"Hospitales Parque y Nebrija lanzan 4 becas para estudiar Enfermer\u00eda en Mallorca","isPartOf":{"@id":"https:\/\/www.nebrijamallorca.com\/blog\/#website"},"primaryImageOfPage":{"@id":"https:\/\/www.nebrijamallorca.com\/blog\/2026\/07\/02\/becas-grado-enfermeria-mallorca\/#primaryimage"},"image":{"@id":"https:\/\/www.nebrijamallorca.com\/blog\/2026\/07\/02\/becas-grado-enfermeria-mallorca\/#primaryimage"},"thumbnailUrl":"https:\/\/www.nebrijamallorca.com\/blog\/wp-content\/uploads\/2026\/07\/NdP_Becas-Llevant-y-Nebrija.jpeg","datePublished":"2026-07-02T08:06:50+00:00","dateModified":"2026-07-02T08:21:21+00:00","description":"Hospitales Parque e Institutos Nebrija ofrecen cuatro becas para estudiar el Grado en Enfermer\u00eda en Mallorca durante el curso 2026-2027. Descubre los requisitos y c\u00f3mo solicitarlas.","breadcrumb":{"@id":"https:\/\/www.nebrijamallorca.com\/blog\/2026\/07\/02\/becas-grado-enfermeria-mallorca\/#breadcrumb"},"inLanguage":"es","potentialAction":[{"@type":"ReadAction","target":["https:\/\/www.nebrijamallorca.com\/blog\/2026\/07\/02\/becas-grado-enfermeria-mallorca\/"]}]},{"@type":"ImageObject","inLanguage":"es","@id":"https:\/\/www.nebrijamallorca.com\/blog\/2026\/07\/02\/becas-grado-enfermeria-mallorca\/#primaryimage","url":"https:\/\/www.nebrijamallorca.com\/blog\/wp-content\/uploads\/2026\/07\/NdP_Becas-Llevant-y-Nebrija.jpeg","contentUrl":"https:\/\/www.nebrijamallorca.com\/blog\/wp-content\/uploads\/2026\/07\/NdP_Becas-Llevant-y-Nebrija.jpeg","width":2048,"height":1536,"caption":"Directivos de Nebrija y Hospitales Parque"},{"@type":"BreadcrumbList","@id":"https:\/\/www.nebrijamallorca.com\/blog\/2026\/07\/02\/becas-grado-enfermeria-mallorca\/#breadcrumb","itemListElement":[{"@type":"ListItem","position":1,"name":"Portada","item":"https:\/\/www.nebrijamallorca.com\/blog\/"},{"@type":"ListItem","position":2,"name":"Hospitales Parque e Institutos Nebrija lanzan cuatro becas para estudiar el Grado en Enfermer\u00eda en el curso 2026-2027"}]},{"@type":"WebSite","@id":"https:\/\/www.nebrijamallorca.com\/blog\/#website","url":"https:\/\/www.nebrijamallorca.com\/blog\/","name":"blog","description":"","publisher":{"@id":"https:\/\/www.nebrijamallorca.com\/blog\/#organization"},"potentialAction":[{"@type":"SearchAction","target":{"@type":"EntryPoint","urlTemplate":"https:\/\/www.nebrijamallorca.com\/blog\/?s={search_term_string}"},"query-input":{"@type":"PropertyValueSpecification","valueRequired":true,"valueName":"search_term_string"}}],"inLanguage":"es"},{"@type":"Organization","@id":"https:\/\/www.nebrijamallorca.com\/blog\/#organization","name":"Centro Universitario Instituto Nebrija Mallorca","url":"https:\/\/www.nebrijamallorca.com\/blog\/","logo":{"@type":"ImageObject","inLanguage":"es","@id":"https:\/\/www.nebrijamallorca.com\/blog\/#\/schema\/logo\/image\/","url":"https:\/\/www.nebrijamallorca.com\/blog\/wp-content\/uploads\/2026\/05\/logo-CUINM.svg","contentUrl":"https:\/\/www.nebrijamallorca.com\/blog\/wp-content\/uploads\/2026\/05\/logo-CUINM.svg","width":974,"height":221,"caption":"Centro Universitario Instituto Nebrija Mallorca"},"image":{"@id":"https:\/\/www.nebrijamallorca.com\/blog\/#\/schema\/logo\/image\/"},"sameAs":["https:\/\/www.instagram.com\/cuinebrija_mallorca\/","https:\/\/www.linkedin.com\/company\/centro-universitario-instituto-nebrija-mallorca\/"]},{"@type":"Person","@id":"https:\/\/www.nebrijamallorca.com\/blog\/#\/schema\/person\/9ace66970ac827179a4945f143c39498","name":"Maria Olivares","image":{"@type":"ImageObject","inLanguage":"es","@id":"https:\/\/secure.gravatar.com\/avatar\/077374ce6cf5a3ce8c7ab4ba4733f03fbf0a9341688ee68f2fa8c68bbac82a3b?s=96&d=mm&r=g","url":"https:\/\/secure.gravatar.com\/avatar\/077374ce6cf5a3ce8c7ab4ba4733f03fbf0a9341688ee68f2fa8c68bbac82a3b?s=96&d=mm&r=g","contentUrl":"https:\/\/secure.gravatar.com\/avatar\/077374ce6cf5a3ce8c7ab4ba4733f03fbf0a9341688ee68f2fa8c68bbac82a3b?s=96&d=mm&r=g","caption":"Maria Olivares"},"sameAs":["https:\/\/www.linkedin.com\/in\/mariaolivarescomunicacion\/"],"url":"https:\/\/www.nebrijamallorca.com\/blog\/author\/maria-olivares\/"}]}},"_links":{"self":[{"href":"https:\/\/www.nebrijamallorca.com\/blog\/wp-json\/wp\/v2\/posts\/174","targetHints":{"allow":["GET"]}}],"collection":[{"href":"https:\/\/www.nebrijamallorca.com\/blog\/wp-json\/wp\/v2\/posts"}],"about":[{"href":"https:\/\/www.nebrijamallorca.com\/blog\/wp-json\/wp\/v2\/types\/post"}],"author":[{"embeddable":true,"href":"https:\/\/www.nebrijamallorca.com\/blog\/wp-json\/wp\/v2\/users\/3"}],"replies":[{"embeddable":true,"href":"https:\/\/www.nebrijamallorca.com\/blog\/wp-json\/wp\/v2\/comments?post=174"}],"version-history":[{"count":4,"href":"https:\/\/www.nebrijamallorca.com\/blog\/wp-json\/wp\/v2\/posts\/174\/revisions"}],"predecessor-version":[{"id":181,"href":"https:\/\/www.nebrijamallorca.com\/blog\/wp-json\/wp\/v2\/posts\/174\/revisions\/181"}],"wp:featuredmedia":[{"embeddable":true,"href":"https:\/\/www.nebrijamallorca.com\/blog\/wp-json\/wp\/v2\/media\/175"}],"wp:attachment":[{"href":"https:\/\/www.nebrijamallorca.com\/blog\/wp-json\/wp\/v2\/media?parent=174"}],"wp:term":[{"taxonomy":"category","embeddable":true,"href":"https:\/\/www.nebrijamallorca.com\/blog\/wp-json\/wp\/v2\/categories?post=174"},{"taxonomy":"post_tag","embeddable":true,"href":"https:\/\/www.nebrijamallorca.com\/blog\/wp-json\/wp\/v2\/tags?post=174"}],"curies":[{"name":"wp","href":"https:\/\/api.w.org\/{rel}","templated":true}]}}