{"id":184,"date":"2026-07-03T10:44:48","date_gmt":"2026-07-03T08:44:48","guid":{"rendered":"https:\/\/www.nebrijamallorca.com\/blog\/?p=184"},"modified":"2026-07-06T09:40:07","modified_gmt":"2026-07-06T07:40:07","slug":"especialidades-enfermeria-desarrollo-profesional","status":"publish","type":"post","link":"https:\/\/www.nebrijamallorca.com\/blog\/2026\/07\/03\/especialidades-enfermeria-desarrollo-profesional\/","title":{"rendered":"La importancia de las especialidades en Enfermer\u00eda: el camino hacia la excelencia profesional y la atenci\u00f3n de calidad"},"content":{"rendered":"\n<p class=\"wp-block-paragraph\">La enfermer\u00eda es una profesi\u00f3n din\u00e1mica, cient\u00edfica y profundamente humana que evoluciona al mismo ritmo que lo hacen la medicina, la tecnolog\u00eda y las necesidades de la sociedad. En las \u00faltimas d\u00e9cadas, el papel de la enfermera ha experimentado una transformaci\u00f3n extraordinaria, pasando de desempe\u00f1ar funciones principalmente asistenciales a convertirse en una figura clave en la prevenci\u00f3n, el diagn\u00f3stico, el tratamiento, la investigaci\u00f3n, la gesti\u00f3n sanitaria y la educaci\u00f3n para la salud.<\/p>\n\n\n\n<p class=\"wp-block-paragraph\">En este contexto, la especializaci\u00f3n se ha convertido en uno de los pilares fundamentales para garantizar una atenci\u00f3n sanitaria de calidad. La creciente complejidad de los procesos cl\u00ednicos exige profesionales con conocimientos cada vez m\u00e1s espec\u00edficos, capaces de responder a las necesidades particulares de pacientes y familias en situaciones muy diversas.<\/p>\n\n\n\n<p class=\"wp-block-paragraph\">Para quienes est\u00e1n considerando estudiar el Grado en Enfermer\u00eda, conocer las m\u00faltiples posibilidades de desarrollo profesional que ofrece esta disciplina resulta especialmente motivador. La enfermer\u00eda no es una profesi\u00f3n \u00fanica e invariable; es una carrera que permite construir trayectorias profesionales muy diferentes, adaptadas a las inquietudes, capacidades y vocaciones de cada persona.<\/p>\n\n\n\n<h4 class=\"wp-block-heading\">Una profesi\u00f3n con m\u00faltiples caminos<\/h4>\n\n\n\n<p class=\"wp-block-paragraph\">Cuando pensamos en una enfermera, muchas veces imaginamos la atenci\u00f3n directa al paciente en una planta hospitalaria. Sin embargo, la realidad es mucho m\u00e1s amplia. Hoy en d\u00eda, las enfermeras desarrollan su actividad en hospitales, centros de atenci\u00f3n primaria, servicios de emergencias, unidades de cuidados intensivos, quir\u00f3fanos, centros de reproducci\u00f3n asistida, consultas especializadas, centros educativos, empresas, organismos de salud p\u00fablica, laboratorios de investigaci\u00f3n y universidades.<\/p>\n\n\n\n<p class=\"wp-block-paragraph\">Cada uno de estos \u00e1mbitos requiere competencias espec\u00edficas y conocimientos altamente especializados. Por ello, la formaci\u00f3n continuada y la especializaci\u00f3n constituyen elementos esenciales para el desarrollo profesional.<\/p>\n\n\n\n<p class=\"wp-block-paragraph\">La especializaci\u00f3n permite profundizar en \u00e1reas concretas del conocimiento, mejorar la capacidad de toma de decisiones cl\u00ednicas y ofrecer cuidados m\u00e1s seguros, eficientes y personalizados.<\/p>\n\n\n\n<p class=\"wp-block-paragraph\">Adem\u00e1s, favorece el crecimiento profesional, aumenta las oportunidades laborales y contribuye a mejorar los resultados en salud de la poblaci\u00f3n.<\/p>\n\n\n\n<h4 class=\"wp-block-heading\">La enfermera especialista: una figura cada vez m\u00e1s necesaria<\/h4>\n\n\n\n<p class=\"wp-block-paragraph\">La complejidad de los sistemas sanitarios actuales hace imprescindible contar con profesionales altamente cualificados. Los avances cient\u00edficos generan continuamente nuevos tratamientos, tecnolog\u00edas diagn\u00f3sticas y procedimientos terap\u00e9uticos que requieren una actualizaci\u00f3n constante.<\/p>\n\n\n\n<p class=\"wp-block-paragraph\">La enfermera especialista aporta un conocimiento avanzado que permite:<\/p>\n\n\n\n<ul class=\"wp-block-list\">\n<li>Proporcionar cuidados basados en la evidencia cient\u00edfica.<\/li>\n\n\n\n<li>Participar activamente en equipos multidisciplinares.<\/li>\n\n\n\n<li>Liderar procesos asistenciales complejos.<\/li>\n\n\n\n<li>Desarrollar programas de educaci\u00f3n sanitaria.<\/li>\n\n\n\n<li>Mejorar la seguridad del paciente.<\/li>\n\n\n\n<li>Impulsar proyectos de investigaci\u00f3n e innovaci\u00f3n.<\/li>\n<\/ul>\n\n\n\n<p class=\"wp-block-paragraph\">Lejos de sustituir la visi\u00f3n integral propia de la enfermer\u00eda, la especializaci\u00f3n la complementa, permitiendo abordar situaciones concretas con un mayor nivel de competencia y precisi\u00f3n.<\/p>\n\n\n\n<h4 class=\"wp-block-heading\">Enfermer\u00eda Obst\u00e9trico-Ginecol\u00f3gica: las matronas y el acompa\u00f1amiento a la vida<\/h4>\n\n\n\n<p class=\"wp-block-paragraph\">Una de las especialidades m\u00e1s conocidas y valoradas es la Enfermer\u00eda Obst\u00e9trico-Ginecol\u00f3gica, ejercida por las matronas.<\/p>\n\n\n\n<p class=\"wp-block-paragraph\">Las matronas desempe\u00f1an un papel fundamental en el cuidado de la salud sexual y reproductiva de la mujer. Su labor va mucho m\u00e1s all\u00e1 de la asistencia al parto. Participan en el seguimiento del embarazo, la preparaci\u00f3n a la maternidad y paternidad, la atenci\u00f3n durante el parto, el puerperio, la lactancia materna y la educaci\u00f3n afectivo-sexual.<\/p>\n\n\n\n<p class=\"wp-block-paragraph\">Adem\u00e1s, ofrecen apoyo emocional en una de las etapas m\u00e1s importantes de la vida de muchas familias.<\/p>\n\n\n\n<p class=\"wp-block-paragraph\">La evidencia cient\u00edfica demuestra que la atenci\u00f3n liderada por matronas mejora la experiencia de las mujeres, favorece partos m\u00e1s respetados y contribuye a obtener excelentes resultados maternos y neonatales.<\/p>\n\n\n\n<p class=\"wp-block-paragraph\">Para muchas enfermeras, esta especialidad representa la combinaci\u00f3n perfecta entre conocimiento cient\u00edfico, autonom\u00eda profesional y acompa\u00f1amiento humano.<\/p>\n\n\n\n<h4 class=\"wp-block-heading\">Enfermer\u00eda en Reproducci\u00f3n Asistida: una especialidad en crecimiento<\/h4>\n\n\n\n<p class=\"wp-block-paragraph\">El aumento progresivo de los tratamientos de fertilidad ha impulsado el desarrollo de un \u00e1mbito profesional altamente especializado: la reproducci\u00f3n asistida.<\/p>\n\n\n\n<p class=\"wp-block-paragraph\">Actualmente, millones de personas en todo el mundo recurren a t\u00e9cnicas como la inseminaci\u00f3n artificial, la fecundaci\u00f3n in vitro o la preservaci\u00f3n de la fertilidad para cumplir su deseo reproductivo.<\/p>\n\n\n\n<p class=\"wp-block-paragraph\">En este contexto, las enfermeras desempe\u00f1an un papel esencial. Son responsables de la educaci\u00f3n sanitaria de los pacientes, la coordinaci\u00f3n de tratamientos, el seguimiento cl\u00ednico, la administraci\u00f3n de medicaci\u00f3n, la gesti\u00f3n de procesos asistenciales y el acompa\u00f1amiento emocional durante todo el recorrido reproductivo.<\/p>\n\n\n\n<p class=\"wp-block-paragraph\">La infertilidad suele vivirse con una importante carga emocional. Por ello, la capacidad de escucha, empat\u00eda y comunicaci\u00f3n de la enfermera resulta tan importante como sus conocimientos t\u00e9cnicos.<\/p>\n\n\n\n<p class=\"wp-block-paragraph\">Adem\u00e1s, el desarrollo constante de nuevas tecnolog\u00edas reproductivas convierte esta \u00e1rea en un entorno especialmente innovador, atractivo para profesionales interesados en la medicina reproductiva y la investigaci\u00f3n cl\u00ednica.<\/p>\n\n\n\n<h4 class=\"wp-block-heading\">Enfermer\u00eda Oncol\u00f3gica: acompa\u00f1ar en los momentos m\u00e1s dif\u00edciles<\/h4>\n\n\n\n<p class=\"wp-block-paragraph\">El c\u00e1ncer constituye uno de los principales retos sanitarios del siglo XXI. Los avances terap\u00e9uticos han mejorado significativamente la supervivencia, pero tambi\u00e9n han incrementado la complejidad de los cuidados que requieren estos pacientes.<\/p>\n\n\n\n<p class=\"wp-block-paragraph\">La enfermer\u00eda oncol\u00f3gica se centra en la atenci\u00f3n integral de personas diagnosticadas de c\u00e1ncer durante todas las fases de la enfermedad.<\/p>\n\n\n\n<p class=\"wp-block-paragraph\">Las enfermeras especializadas en oncolog\u00eda participan en:<\/p>\n\n\n\n<ul class=\"wp-block-list\">\n<li>La administraci\u00f3n de tratamientos antineopl\u00e1sicos.<\/li>\n\n\n\n<li>El control de efectos secundarios.<\/li>\n\n\n\n<li>La educaci\u00f3n sanitaria del paciente y su familia.<\/li>\n\n\n\n<li>El manejo de dispositivos venosos.<\/li>\n\n\n\n<li>Los cuidados paliativos.<\/li>\n\n\n\n<li>El apoyo emocional y psicol\u00f3gico.<\/li>\n<\/ul>\n\n\n\n<p class=\"wp-block-paragraph\">Se trata de una especialidad donde la excelencia t\u00e9cnica debe ir acompa\u00f1ada de una enorme sensibilidad humana. La capacidad para establecer una relaci\u00f3n terap\u00e9utica de confianza adquiere una relevancia extraordinaria.<\/p>\n\n\n\n<p class=\"wp-block-paragraph\">La enfermera oncol\u00f3gica se convierte con frecuencia en una referencia para el paciente y su entorno, acompa\u00f1\u00e1ndolos durante procesos especialmente complejos.<\/p>\n\n\n\n<h4 class=\"wp-block-heading\">Enfermer\u00eda Quir\u00fargica: precisi\u00f3n, seguridad y trabajo en equipo<\/h4>\n\n\n\n<p class=\"wp-block-paragraph\">El quir\u00f3fano es uno de los entornos m\u00e1s exigentes del \u00e1mbito sanitario. Cada intervenci\u00f3n requiere una coordinaci\u00f3n perfecta entre numerosos profesionales para garantizar la seguridad del paciente.<\/p>\n\n\n\n<p class=\"wp-block-paragraph\">Las enfermeras quir\u00fargicas desarrollan funciones fundamentales antes, durante y despu\u00e9s de la cirug\u00eda. Entre sus responsabilidades destacan la preparaci\u00f3n del material quir\u00fargico, el control de la esterilidad, la asistencia al equipo m\u00e9dico durante la intervenci\u00f3n y la vigilancia continua del paciente.<\/p>\n\n\n\n<p class=\"wp-block-paragraph\">La incorporaci\u00f3n de cirug\u00eda rob\u00f3tica, sistemas de navegaci\u00f3n quir\u00fargica y nuevas tecnolog\u00edas ha incrementado a\u00fan m\u00e1s el nivel de especializaci\u00f3n necesario.<\/p>\n\n\n\n<p class=\"wp-block-paragraph\">Esta \u00e1rea resulta especialmente atractiva para profesionales que disfrutan trabajando en entornos altamente t\u00e9cnicos, donde la precisi\u00f3n, la organizaci\u00f3n y la capacidad de anticipaci\u00f3n son fundamentales.<\/p>\n\n\n\n<h4 class=\"wp-block-heading\">Enfermer\u00eda de Urgencias y Emergencias: actuar cuando cada minuto cuenta<\/h4>\n\n\n\n<p class=\"wp-block-paragraph\">La atenci\u00f3n urgente representa uno de los escenarios m\u00e1s desafiantes para cualquier profesional sanitario.<\/p>\n\n\n\n<p class=\"wp-block-paragraph\">Las enfermeras de urgencias y emergencias deben tomar decisiones r\u00e1pidas, gestionar situaciones de elevada presi\u00f3n asistencial y atender simult\u00e1neamente m\u00faltiples problemas de salud.<\/p>\n\n\n\n<p class=\"wp-block-paragraph\">Su labor se desarrolla en servicios de urgencias hospitalarias, unidades m\u00f3viles de emergencias, transporte sanitario, dispositivos de atenci\u00f3n extrahospitalaria y centros de coordinaci\u00f3n de emergencias.<\/p>\n\n\n\n<p class=\"wp-block-paragraph\">Entre sus competencias se incluyen:<\/p>\n\n\n\n<ul class=\"wp-block-list\">\n<li>Valoraci\u00f3n inicial del paciente.<\/li>\n\n\n\n<li>Clasificaci\u00f3n seg\u00fan gravedad.<\/li>\n\n\n\n<li>Soporte vital avanzado.<\/li>\n\n\n\n<li>Atenci\u00f3n al paciente politraumatizado.<\/li>\n\n\n\n<li>Manejo de situaciones cr\u00edticas.<\/li>\n\n\n\n<li>Coordinaci\u00f3n con otros dispositivos asistenciales.<\/li>\n<\/ul>\n\n\n\n<p class=\"wp-block-paragraph\">La combinaci\u00f3n de conocimientos cl\u00ednicos, capacidad de liderazgo y habilidad para trabajar bajo presi\u00f3n convierte esta especialidad en una de las m\u00e1s exigentes y apasionantes.<\/p>\n\n\n\n<h4 class=\"wp-block-heading\">Otras \u00e1reas de especializaci\u00f3n con gran proyecci\u00f3n<\/h4>\n\n\n\n<p class=\"wp-block-paragraph\">Adem\u00e1s de las especialidades m\u00e1s conocidas, existen numerosos \u00e1mbitos donde las enfermeras desarrollan competencias altamente especializadas.<\/p>\n\n\n\n<p class=\"wp-block-paragraph\">Entre ellos destacan:<\/p>\n\n\n\n<h5 class=\"wp-block-heading\">Enfermer\u00eda Pedi\u00e1trica<\/h5>\n\n\n\n<p class=\"wp-block-paragraph\">Centrada en la atenci\u00f3n integral del reci\u00e9n nacido, ni\u00f1o y adolescente, teniendo en cuenta sus necesidades f\u00edsicas, emocionales y de desarrollo.<\/p>\n\n\n\n<h5 class=\"wp-block-heading\">Enfermer\u00eda de Salud Mental<\/h5>\n\n\n\n<p class=\"wp-block-paragraph\">Especializada en el cuidado de personas con trastornos psicol\u00f3gicos y psiqui\u00e1tricos, promoviendo la recuperaci\u00f3n, la autonom\u00eda y la integraci\u00f3n social.<\/p>\n\n\n\n<h5 class=\"wp-block-heading\">Enfermer\u00eda Familiar y Comunitaria<\/h5>\n\n\n\n<p class=\"wp-block-paragraph\">Orientada a la promoci\u00f3n de la salud, la prevenci\u00f3n de enfermedades y el seguimiento de pacientes en el \u00e1mbito comunitario.<\/p>\n\n\n\n<h5 class=\"wp-block-heading\">Enfermer\u00eda Geri\u00e1trica<\/h5>\n\n\n\n<p class=\"wp-block-paragraph\">Enfocada en la atenci\u00f3n a las personas mayores, un grupo poblacional cada vez m\u00e1s numeroso debido al envejecimiento de la poblaci\u00f3n.<\/p>\n\n\n\n<h5 class=\"wp-block-heading\">Cuidados Intensivos<\/h5>\n\n\n\n<p class=\"wp-block-paragraph\">Dedicada al manejo de pacientes cr\u00edticos que requieren monitorizaci\u00f3n continua y soporte vital avanzado.<\/p>\n\n\n\n<p class=\"wp-block-paragraph\">Cada una de estas \u00e1reas representa una oportunidad para desarrollar una carrera profesional diferenciada y altamente enriquecedora.<\/p>\n\n\n\n<h4 class=\"wp-block-heading\">La formaci\u00f3n continuada: una necesidad permanente<\/h4>\n\n\n\n<p class=\"wp-block-paragraph\">La especializaci\u00f3n no termina con la obtenci\u00f3n de un t\u00edtulo o una acreditaci\u00f3n. La actualizaci\u00f3n constante forma parte de la esencia de la profesi\u00f3n enfermera.<\/p>\n\n\n\n<p class=\"wp-block-paragraph\">Los avances cient\u00edficos obligan a mantenerse en formaci\u00f3n permanente mediante programas de posgrado, m\u00e1steres universitarios, cursos de especializaci\u00f3n, congresos cient\u00edficos y actividades de investigaci\u00f3n.<\/p>\n\n\n\n<p class=\"wp-block-paragraph\">Esta formaci\u00f3n continuada no solo mejora las competencias profesionales, sino que tambi\u00e9n repercute directamente en la calidad de la atenci\u00f3n que reciben los pacientes.<\/p>\n\n\n\n<p class=\"wp-block-paragraph\">Por ello, las universidades desempe\u00f1an un papel fundamental en la preparaci\u00f3n de futuros profesionales capaces de adaptarse a un entorno sanitario en continua evoluci\u00f3n.<\/p>\n\n\n\n<h4 class=\"wp-block-heading\">Una profesi\u00f3n con presente y futuro<\/h4>\n\n\n\n<p class=\"wp-block-paragraph\">Elegir estudiar Enfermer\u00eda significa acceder a una profesi\u00f3n con una elevada empleabilidad, una gran proyecci\u00f3n internacional y m\u00faltiples posibilidades de desarrollo profesional.<\/p>\n\n\n\n<p class=\"wp-block-paragraph\">La especializaci\u00f3n permite que cada enfermera encuentre el \u00e1mbito donde mejor pueda desarrollar su vocaci\u00f3n y talento, ya sea acompa\u00f1ando a una mujer durante su embarazo, ayudando a una pareja en un tratamiento de fertilidad, atendiendo a un paciente oncol\u00f3gico, participando en una intervenci\u00f3n quir\u00fargica o respondiendo a una emergencia vital.<\/p>\n\n\n\n<p class=\"wp-block-paragraph\">Todas estas \u00e1reas comparten un mismo objetivo: proporcionar cuidados excelentes centrados en la persona.<\/p>\n\n\n\n<p class=\"wp-block-paragraph\">En una sociedad cada vez m\u00e1s compleja y tecnol\u00f3gicamente avanzada, la figura de la enfermera especialista seguir\u00e1 adquiriendo una relevancia creciente. Su capacidad para integrar conocimientos cient\u00edficos, habilidades t\u00e9cnicas y atenci\u00f3n humana la convierte en una profesional indispensable para los sistemas sanitarios del presente y del futuro.<\/p>\n\n\n\n<p class=\"wp-block-paragraph\">Por ello, para quienes desean construir una carrera profesional con impacto real en la vida de las personas, la Enfermer\u00eda ofrece un camino lleno de oportunidades, retos y posibilidades de crecimiento. La especializaci\u00f3n es, sin duda, una de las mejores herramientas para alcanzar la excelencia profesional y contribuir a una atenci\u00f3n sanitaria cada vez m\u00e1s segura, innovadora y humanizada.<\/p>\n\n\n\n<div class=\"wp-block-columns is-layout-flex wp-container-core-columns-is-layout-f56f613f wp-block-columns-is-layout-flex\">\n<div class=\"wp-block-column has-cyan-bluish-gray-background-color has-background is-layout-flow wp-container-core-column-is-layout-69630deb wp-block-column-is-layout-flow\" style=\"border-top-left-radius:0px;border-top-right-radius:0px;border-bottom-left-radius:0px;border-bottom-right-radius:0px;padding-top:0;padding-right:0;padding-bottom:0;padding-left:0\">\n<figure class=\"wp-block-image size-full\"><img loading=\"lazy\" decoding=\"async\" width=\"400\" height=\"400\" src=\"https:\/\/www.nebrijamallorca.com\/blog\/wp-content\/uploads\/2026\/07\/image.png\" alt=\"\" class=\"wp-image-195\" srcset=\"https:\/\/www.nebrijamallorca.com\/blog\/wp-content\/uploads\/2026\/07\/image.png 400w, https:\/\/www.nebrijamallorca.com\/blog\/wp-content\/uploads\/2026\/07\/image-300x300.png 300w, https:\/\/www.nebrijamallorca.com\/blog\/wp-content\/uploads\/2026\/07\/image-150x150.png 150w\" sizes=\"auto, (max-width: 400px) 100vw, 400px\" \/><\/figure>\n<\/div>\n\n\n\n<div class=\"wp-block-column is-layout-flow wp-block-column-is-layout-flow\">\n<p class=\"has-cyan-bluish-gray-background-color has-background wp-block-paragraph\"><strong>Dra. <strong><a href=\"https:\/\/www.linkedin.com\/in\/yolanda-cabello-ph-d-60a65a26\/\">Yolanda Cabello, PhD<\/a><\/strong><\/strong> <em>Science and Assisted Reproduction Consultant.<\/em><\/p>\n\n\n\n<p class=\"has-cyan-bluish-gray-background-color has-background wp-block-paragraph\">Licenciada en Biolog\u00eda y Doctora en Ciencias M\u00e9dicas B\u00e1sicas, cuenta con una extensa trayectoria acad\u00e9mica que incluye especializaciones en Biomedicina Molecular, un M\u00e1ster en Reproducci\u00f3n Humana Asistida (USAL), un Grado en Psicolog\u00eda (VIU), un M\u00e1ster en Sexolog\u00eda Cl\u00ednica (UV) y formaci\u00f3n en direcci\u00f3n empresarial (MBA por ThePowerMBA).<\/p>\n\n\n\n<p class=\"has-cyan-bluish-gray-background-color has-background wp-block-paragraph\">Actualmente compagina su labor como Embri\u00f3loga Cl\u00ednica Senior e investigadora independiente con la consultor\u00eda especializada en Reproducci\u00f3n Asistida, la auditor\u00eda de calidad para GlobalGROUP y la docencia como Profesora Universitaria en la VIU.<\/p>\n\n\n\n<p class=\"wp-block-paragraph\"><\/p>\n<\/div>\n<\/div>\n","protected":false},"excerpt":{"rendered":"<p>La enfermer\u00eda es una profesi\u00f3n din\u00e1mica, cient\u00edfica y profundamente humana que evoluciona al mismo ritmo que lo hacen la medicina, la tecnolog\u00eda y las necesidades de la sociedad. En las \u00faltimas d\u00e9cadas, el papel de la enfermera ha experimentado una transformaci\u00f3n extraordinaria, pasando de desempe\u00f1ar funciones principalmente asistenciales a convertirse en una figura clave en [&hellip;]<\/p>\n","protected":false},"author":3,"featured_media":185,"comment_status":"closed","ping_status":"closed","sticky":false,"template":"","format":"standard","meta":{"footnotes":""},"categories":[10,56,22,11,59],"tags":[21,15,47,57,16,13,30],"class_list":["post-184","post","type-post","status-publish","format-standard","has-post-thumbnail","hentry","category-enfermeria-mallorca","category-especialidades","category-estudiar-enfermeria-en-mallorca","category-nebrija-mallorca","category-yolanda-cabello","tag-enfermeria-en-la-privada","tag-enfermeria-nebrija","tag-especialidades","tag-especialidades-en-enfermeria","tag-manacor","tag-nebrija-mallorca","tag-practicas-sanitarias"],"yoast_head":"<!-- This site is optimized with the Yoast SEO plugin v27.7 - https:\/\/yoast.com\/product\/yoast-seo-wordpress\/ -->\n<title>Descubre las especialidades de enfermer\u00eda y sus salidas | Nebrija<\/title>\n<meta name=\"description\" content=\"Descubre las especialidades de enfermer\u00eda y sus salidas profesionales. Desde la reproducci\u00f3n asistida hasta urgencias.\" \/>\n<meta name=\"robots\" content=\"index, follow, max-snippet:-1, max-image-preview:large, max-video-preview:-1\" \/>\n<link rel=\"canonical\" href=\"https:\/\/www.nebrijamallorca.com\/blog\/2026\/07\/03\/especialidades-enfermeria-desarrollo-profesional\/\" \/>\n<meta property=\"og:locale\" content=\"es_ES\" \/>\n<meta property=\"og:type\" content=\"article\" \/>\n<meta property=\"og:title\" content=\"Descubre las especialidades de enfermer\u00eda y sus salidas | Nebrija\" \/>\n<meta property=\"og:description\" content=\"Descubre las especialidades de enfermer\u00eda y sus salidas profesionales. Desde la reproducci\u00f3n asistida hasta urgencias.\" \/>\n<meta property=\"og:url\" content=\"https:\/\/www.nebrijamallorca.com\/blog\/2026\/07\/03\/especialidades-enfermeria-desarrollo-profesional\/\" \/>\n<meta property=\"og:site_name\" content=\"Actualidad Nebrija Mallorca\" \/>\n<meta property=\"article:published_time\" content=\"2026-07-03T08:44:48+00:00\" \/>\n<meta property=\"article:modified_time\" content=\"2026-07-06T07:40:07+00:00\" \/>\n<meta property=\"og:image\" content=\"https:\/\/www.nebrijamallorca.com\/blog\/wp-content\/uploads\/2026\/07\/Gemini_Generated_Image_od19nyod19nyod19-1024x572.png\" \/>\n\t<meta property=\"og:image:width\" content=\"1024\" \/>\n\t<meta property=\"og:image:height\" content=\"572\" \/>\n\t<meta property=\"og:image:type\" content=\"image\/png\" \/>\n<meta name=\"author\" content=\"Maria Olivares\" \/>\n<meta name=\"twitter:card\" content=\"summary_large_image\" \/>\n<meta name=\"twitter:label1\" content=\"Escrito por\" \/>\n\t<meta name=\"twitter:data1\" content=\"Maria Olivares\" \/>\n\t<meta name=\"twitter:label2\" content=\"Tiempo de lectura\" \/>\n\t<meta name=\"twitter:data2\" content=\"9 minutos\" \/>\n<script type=\"application\/ld+json\" class=\"yoast-schema-graph\">{\"@context\":\"https:\\\/\\\/schema.org\",\"@graph\":[{\"@type\":\"Article\",\"@id\":\"https:\\\/\\\/www.nebrijamallorca.com\\\/blog\\\/2026\\\/07\\\/03\\\/especialidades-enfermeria-desarrollo-profesional\\\/#article\",\"isPartOf\":{\"@id\":\"https:\\\/\\\/www.nebrijamallorca.com\\\/blog\\\/2026\\\/07\\\/03\\\/especialidades-enfermeria-desarrollo-profesional\\\/\"},\"author\":{\"name\":\"Maria Olivares\",\"@id\":\"https:\\\/\\\/www.nebrijamallorca.com\\\/blog\\\/#\\\/schema\\\/person\\\/9ace66970ac827179a4945f143c39498\"},\"headline\":\"La importancia de las especialidades en Enfermer\u00eda: el camino hacia la excelencia profesional y la atenci\u00f3n de calidad\",\"datePublished\":\"2026-07-03T08:44:48+00:00\",\"dateModified\":\"2026-07-06T07:40:07+00:00\",\"mainEntityOfPage\":{\"@id\":\"https:\\\/\\\/www.nebrijamallorca.com\\\/blog\\\/2026\\\/07\\\/03\\\/especialidades-enfermeria-desarrollo-profesional\\\/\"},\"wordCount\":1941,\"publisher\":{\"@id\":\"https:\\\/\\\/www.nebrijamallorca.com\\\/blog\\\/#organization\"},\"image\":{\"@id\":\"https:\\\/\\\/www.nebrijamallorca.com\\\/blog\\\/2026\\\/07\\\/03\\\/especialidades-enfermeria-desarrollo-profesional\\\/#primaryimage\"},\"thumbnailUrl\":\"https:\\\/\\\/www.nebrijamallorca.com\\\/blog\\\/wp-content\\\/uploads\\\/2026\\\/07\\\/Gemini_Generated_Image_od19nyod19nyod19.png\",\"keywords\":[\"Enfermer\u00eda en la privada\",\"Enfermer\u00eda nebrija\",\"Especialidades\",\"Especialidades en enfermer\u00eda\",\"Manacor\",\"Nebrija Mallorca\",\"Pr\u00e1cticas Sanitarias\"],\"articleSection\":[\"Enfermer\u00eda Mallorca\",\"Especialidades\",\"Estudiar enfermer\u00eda en Mallorca\",\"Nebrija Mallorca\",\"Yolanda Cabello\"],\"inLanguage\":\"es\"},{\"@type\":\"WebPage\",\"@id\":\"https:\\\/\\\/www.nebrijamallorca.com\\\/blog\\\/2026\\\/07\\\/03\\\/especialidades-enfermeria-desarrollo-profesional\\\/\",\"url\":\"https:\\\/\\\/www.nebrijamallorca.com\\\/blog\\\/2026\\\/07\\\/03\\\/especialidades-enfermeria-desarrollo-profesional\\\/\",\"name\":\"Descubre las especialidades de enfermer\u00eda y sus salidas | Nebrija\",\"isPartOf\":{\"@id\":\"https:\\\/\\\/www.nebrijamallorca.com\\\/blog\\\/#website\"},\"primaryImageOfPage\":{\"@id\":\"https:\\\/\\\/www.nebrijamallorca.com\\\/blog\\\/2026\\\/07\\\/03\\\/especialidades-enfermeria-desarrollo-profesional\\\/#primaryimage\"},\"image\":{\"@id\":\"https:\\\/\\\/www.nebrijamallorca.com\\\/blog\\\/2026\\\/07\\\/03\\\/especialidades-enfermeria-desarrollo-profesional\\\/#primaryimage\"},\"thumbnailUrl\":\"https:\\\/\\\/www.nebrijamallorca.com\\\/blog\\\/wp-content\\\/uploads\\\/2026\\\/07\\\/Gemini_Generated_Image_od19nyod19nyod19.png\",\"datePublished\":\"2026-07-03T08:44:48+00:00\",\"dateModified\":\"2026-07-06T07:40:07+00:00\",\"description\":\"Descubre las especialidades de enfermer\u00eda y sus salidas profesionales. Desde la reproducci\u00f3n asistida hasta urgencias.\",\"breadcrumb\":{\"@id\":\"https:\\\/\\\/www.nebrijamallorca.com\\\/blog\\\/2026\\\/07\\\/03\\\/especialidades-enfermeria-desarrollo-profesional\\\/#breadcrumb\"},\"inLanguage\":\"es\",\"potentialAction\":[{\"@type\":\"ReadAction\",\"target\":[\"https:\\\/\\\/www.nebrijamallorca.com\\\/blog\\\/2026\\\/07\\\/03\\\/especialidades-enfermeria-desarrollo-profesional\\\/\"]}]},{\"@type\":\"ImageObject\",\"inLanguage\":\"es\",\"@id\":\"https:\\\/\\\/www.nebrijamallorca.com\\\/blog\\\/2026\\\/07\\\/03\\\/especialidades-enfermeria-desarrollo-profesional\\\/#primaryimage\",\"url\":\"https:\\\/\\\/www.nebrijamallorca.com\\\/blog\\\/wp-content\\\/uploads\\\/2026\\\/07\\\/Gemini_Generated_Image_od19nyod19nyod19.png\",\"contentUrl\":\"https:\\\/\\\/www.nebrijamallorca.com\\\/blog\\\/wp-content\\\/uploads\\\/2026\\\/07\\\/Gemini_Generated_Image_od19nyod19nyod19.png\",\"width\":1376,\"height\":768},{\"@type\":\"BreadcrumbList\",\"@id\":\"https:\\\/\\\/www.nebrijamallorca.com\\\/blog\\\/2026\\\/07\\\/03\\\/especialidades-enfermeria-desarrollo-profesional\\\/#breadcrumb\",\"itemListElement\":[{\"@type\":\"ListItem\",\"position\":1,\"name\":\"Portada\",\"item\":\"https:\\\/\\\/www.nebrijamallorca.com\\\/blog\\\/\"},{\"@type\":\"ListItem\",\"position\":2,\"name\":\"La importancia de las especialidades en Enfermer\u00eda: el camino hacia la excelencia profesional y la atenci\u00f3n de calidad\"}]},{\"@type\":\"WebSite\",\"@id\":\"https:\\\/\\\/www.nebrijamallorca.com\\\/blog\\\/#website\",\"url\":\"https:\\\/\\\/www.nebrijamallorca.com\\\/blog\\\/\",\"name\":\"blog\",\"description\":\"\",\"publisher\":{\"@id\":\"https:\\\/\\\/www.nebrijamallorca.com\\\/blog\\\/#organization\"},\"potentialAction\":[{\"@type\":\"SearchAction\",\"target\":{\"@type\":\"EntryPoint\",\"urlTemplate\":\"https:\\\/\\\/www.nebrijamallorca.com\\\/blog\\\/?s={search_term_string}\"},\"query-input\":{\"@type\":\"PropertyValueSpecification\",\"valueRequired\":true,\"valueName\":\"search_term_string\"}}],\"inLanguage\":\"es\"},{\"@type\":\"Organization\",\"@id\":\"https:\\\/\\\/www.nebrijamallorca.com\\\/blog\\\/#organization\",\"name\":\"Centro Universitario Instituto Nebrija Mallorca\",\"url\":\"https:\\\/\\\/www.nebrijamallorca.com\\\/blog\\\/\",\"logo\":{\"@type\":\"ImageObject\",\"inLanguage\":\"es\",\"@id\":\"https:\\\/\\\/www.nebrijamallorca.com\\\/blog\\\/#\\\/schema\\\/logo\\\/image\\\/\",\"url\":\"https:\\\/\\\/www.nebrijamallorca.com\\\/blog\\\/wp-content\\\/uploads\\\/2026\\\/05\\\/logo-CUINM.svg\",\"contentUrl\":\"https:\\\/\\\/www.nebrijamallorca.com\\\/blog\\\/wp-content\\\/uploads\\\/2026\\\/05\\\/logo-CUINM.svg\",\"width\":974,\"height\":221,\"caption\":\"Centro Universitario Instituto Nebrija Mallorca\"},\"image\":{\"@id\":\"https:\\\/\\\/www.nebrijamallorca.com\\\/blog\\\/#\\\/schema\\\/logo\\\/image\\\/\"},\"sameAs\":[\"https:\\\/\\\/www.instagram.com\\\/cuinebrija_mallorca\\\/\",\"https:\\\/\\\/www.linkedin.com\\\/company\\\/centro-universitario-instituto-nebrija-mallorca\\\/\"]},{\"@type\":\"Person\",\"@id\":\"https:\\\/\\\/www.nebrijamallorca.com\\\/blog\\\/#\\\/schema\\\/person\\\/9ace66970ac827179a4945f143c39498\",\"name\":\"Maria Olivares\",\"image\":{\"@type\":\"ImageObject\",\"inLanguage\":\"es\",\"@id\":\"https:\\\/\\\/secure.gravatar.com\\\/avatar\\\/077374ce6cf5a3ce8c7ab4ba4733f03fbf0a9341688ee68f2fa8c68bbac82a3b?s=96&d=mm&r=g\",\"url\":\"https:\\\/\\\/secure.gravatar.com\\\/avatar\\\/077374ce6cf5a3ce8c7ab4ba4733f03fbf0a9341688ee68f2fa8c68bbac82a3b?s=96&d=mm&r=g\",\"contentUrl\":\"https:\\\/\\\/secure.gravatar.com\\\/avatar\\\/077374ce6cf5a3ce8c7ab4ba4733f03fbf0a9341688ee68f2fa8c68bbac82a3b?s=96&d=mm&r=g\",\"caption\":\"Maria Olivares\"},\"sameAs\":[\"https:\\\/\\\/www.linkedin.com\\\/in\\\/mariaolivarescomunicacion\\\/\"],\"url\":\"https:\\\/\\\/www.nebrijamallorca.com\\\/blog\\\/author\\\/maria-olivares\\\/\"}]}<\/script>\n<!-- \/ Yoast SEO plugin. -->","yoast_head_json":{"title":"Descubre las especialidades de enfermer\u00eda y sus salidas | Nebrija","description":"Descubre las especialidades de enfermer\u00eda y sus salidas profesionales. Desde la reproducci\u00f3n asistida hasta urgencias.","robots":{"index":"index","follow":"follow","max-snippet":"max-snippet:-1","max-image-preview":"max-image-preview:large","max-video-preview":"max-video-preview:-1"},"canonical":"https:\/\/www.nebrijamallorca.com\/blog\/2026\/07\/03\/especialidades-enfermeria-desarrollo-profesional\/","og_locale":"es_ES","og_type":"article","og_title":"Descubre las especialidades de enfermer\u00eda y sus salidas | Nebrija","og_description":"Descubre las especialidades de enfermer\u00eda y sus salidas profesionales. Desde la reproducci\u00f3n asistida hasta urgencias.","og_url":"https:\/\/www.nebrijamallorca.com\/blog\/2026\/07\/03\/especialidades-enfermeria-desarrollo-profesional\/","og_site_name":"Actualidad Nebrija Mallorca","article_published_time":"2026-07-03T08:44:48+00:00","article_modified_time":"2026-07-06T07:40:07+00:00","og_image":[{"width":1024,"height":572,"url":"https:\/\/www.nebrijamallorca.com\/blog\/wp-content\/uploads\/2026\/07\/Gemini_Generated_Image_od19nyod19nyod19-1024x572.png","type":"image\/png"}],"author":"Maria Olivares","twitter_card":"summary_large_image","twitter_misc":{"Escrito por":"Maria Olivares","Tiempo de lectura":"9 minutos"},"schema":{"@context":"https:\/\/schema.org","@graph":[{"@type":"Article","@id":"https:\/\/www.nebrijamallorca.com\/blog\/2026\/07\/03\/especialidades-enfermeria-desarrollo-profesional\/#article","isPartOf":{"@id":"https:\/\/www.nebrijamallorca.com\/blog\/2026\/07\/03\/especialidades-enfermeria-desarrollo-profesional\/"},"author":{"name":"Maria Olivares","@id":"https:\/\/www.nebrijamallorca.com\/blog\/#\/schema\/person\/9ace66970ac827179a4945f143c39498"},"headline":"La importancia de las especialidades en Enfermer\u00eda: el camino hacia la excelencia profesional y la atenci\u00f3n de calidad","datePublished":"2026-07-03T08:44:48+00:00","dateModified":"2026-07-06T07:40:07+00:00","mainEntityOfPage":{"@id":"https:\/\/www.nebrijamallorca.com\/blog\/2026\/07\/03\/especialidades-enfermeria-desarrollo-profesional\/"},"wordCount":1941,"publisher":{"@id":"https:\/\/www.nebrijamallorca.com\/blog\/#organization"},"image":{"@id":"https:\/\/www.nebrijamallorca.com\/blog\/2026\/07\/03\/especialidades-enfermeria-desarrollo-profesional\/#primaryimage"},"thumbnailUrl":"https:\/\/www.nebrijamallorca.com\/blog\/wp-content\/uploads\/2026\/07\/Gemini_Generated_Image_od19nyod19nyod19.png","keywords":["Enfermer\u00eda en la privada","Enfermer\u00eda nebrija","Especialidades","Especialidades en enfermer\u00eda","Manacor","Nebrija Mallorca","Pr\u00e1cticas Sanitarias"],"articleSection":["Enfermer\u00eda Mallorca","Especialidades","Estudiar enfermer\u00eda en Mallorca","Nebrija Mallorca","Yolanda Cabello"],"inLanguage":"es"},{"@type":"WebPage","@id":"https:\/\/www.nebrijamallorca.com\/blog\/2026\/07\/03\/especialidades-enfermeria-desarrollo-profesional\/","url":"https:\/\/www.nebrijamallorca.com\/blog\/2026\/07\/03\/especialidades-enfermeria-desarrollo-profesional\/","name":"Descubre las especialidades de enfermer\u00eda y sus salidas | Nebrija","isPartOf":{"@id":"https:\/\/www.nebrijamallorca.com\/blog\/#website"},"primaryImageOfPage":{"@id":"https:\/\/www.nebrijamallorca.com\/blog\/2026\/07\/03\/especialidades-enfermeria-desarrollo-profesional\/#primaryimage"},"image":{"@id":"https:\/\/www.nebrijamallorca.com\/blog\/2026\/07\/03\/especialidades-enfermeria-desarrollo-profesional\/#primaryimage"},"thumbnailUrl":"https:\/\/www.nebrijamallorca.com\/blog\/wp-content\/uploads\/2026\/07\/Gemini_Generated_Image_od19nyod19nyod19.png","datePublished":"2026-07-03T08:44:48+00:00","dateModified":"2026-07-06T07:40:07+00:00","description":"Descubre las especialidades de enfermer\u00eda y sus salidas profesionales. Desde la reproducci\u00f3n asistida hasta urgencias.","breadcrumb":{"@id":"https:\/\/www.nebrijamallorca.com\/blog\/2026\/07\/03\/especialidades-enfermeria-desarrollo-profesional\/#breadcrumb"},"inLanguage":"es","potentialAction":[{"@type":"ReadAction","target":["https:\/\/www.nebrijamallorca.com\/blog\/2026\/07\/03\/especialidades-enfermeria-desarrollo-profesional\/"]}]},{"@type":"ImageObject","inLanguage":"es","@id":"https:\/\/www.nebrijamallorca.com\/blog\/2026\/07\/03\/especialidades-enfermeria-desarrollo-profesional\/#primaryimage","url":"https:\/\/www.nebrijamallorca.com\/blog\/wp-content\/uploads\/2026\/07\/Gemini_Generated_Image_od19nyod19nyod19.png","contentUrl":"https:\/\/www.nebrijamallorca.com\/blog\/wp-content\/uploads\/2026\/07\/Gemini_Generated_Image_od19nyod19nyod19.png","width":1376,"height":768},{"@type":"BreadcrumbList","@id":"https:\/\/www.nebrijamallorca.com\/blog\/2026\/07\/03\/especialidades-enfermeria-desarrollo-profesional\/#breadcrumb","itemListElement":[{"@type":"ListItem","position":1,"name":"Portada","item":"https:\/\/www.nebrijamallorca.com\/blog\/"},{"@type":"ListItem","position":2,"name":"La importancia de las especialidades en Enfermer\u00eda: el camino hacia la excelencia profesional y la atenci\u00f3n de calidad"}]},{"@type":"WebSite","@id":"https:\/\/www.nebrijamallorca.com\/blog\/#website","url":"https:\/\/www.nebrijamallorca.com\/blog\/","name":"blog","description":"","publisher":{"@id":"https:\/\/www.nebrijamallorca.com\/blog\/#organization"},"potentialAction":[{"@type":"SearchAction","target":{"@type":"EntryPoint","urlTemplate":"https:\/\/www.nebrijamallorca.com\/blog\/?s={search_term_string}"},"query-input":{"@type":"PropertyValueSpecification","valueRequired":true,"valueName":"search_term_string"}}],"inLanguage":"es"},{"@type":"Organization","@id":"https:\/\/www.nebrijamallorca.com\/blog\/#organization","name":"Centro Universitario Instituto Nebrija Mallorca","url":"https:\/\/www.nebrijamallorca.com\/blog\/","logo":{"@type":"ImageObject","inLanguage":"es","@id":"https:\/\/www.nebrijamallorca.com\/blog\/#\/schema\/logo\/image\/","url":"https:\/\/www.nebrijamallorca.com\/blog\/wp-content\/uploads\/2026\/05\/logo-CUINM.svg","contentUrl":"https:\/\/www.nebrijamallorca.com\/blog\/wp-content\/uploads\/2026\/05\/logo-CUINM.svg","width":974,"height":221,"caption":"Centro Universitario Instituto Nebrija Mallorca"},"image":{"@id":"https:\/\/www.nebrijamallorca.com\/blog\/#\/schema\/logo\/image\/"},"sameAs":["https:\/\/www.instagram.com\/cuinebrija_mallorca\/","https:\/\/www.linkedin.com\/company\/centro-universitario-instituto-nebrija-mallorca\/"]},{"@type":"Person","@id":"https:\/\/www.nebrijamallorca.com\/blog\/#\/schema\/person\/9ace66970ac827179a4945f143c39498","name":"Maria Olivares","image":{"@type":"ImageObject","inLanguage":"es","@id":"https:\/\/secure.gravatar.com\/avatar\/077374ce6cf5a3ce8c7ab4ba4733f03fbf0a9341688ee68f2fa8c68bbac82a3b?s=96&d=mm&r=g","url":"https:\/\/secure.gravatar.com\/avatar\/077374ce6cf5a3ce8c7ab4ba4733f03fbf0a9341688ee68f2fa8c68bbac82a3b?s=96&d=mm&r=g","contentUrl":"https:\/\/secure.gravatar.com\/avatar\/077374ce6cf5a3ce8c7ab4ba4733f03fbf0a9341688ee68f2fa8c68bbac82a3b?s=96&d=mm&r=g","caption":"Maria Olivares"},"sameAs":["https:\/\/www.linkedin.com\/in\/mariaolivarescomunicacion\/"],"url":"https:\/\/www.nebrijamallorca.com\/blog\/author\/maria-olivares\/"}]}},"_links":{"self":[{"href":"https:\/\/www.nebrijamallorca.com\/blog\/wp-json\/wp\/v2\/posts\/184","targetHints":{"allow":["GET"]}}],"collection":[{"href":"https:\/\/www.nebrijamallorca.com\/blog\/wp-json\/wp\/v2\/posts"}],"about":[{"href":"https:\/\/www.nebrijamallorca.com\/blog\/wp-json\/wp\/v2\/types\/post"}],"author":[{"embeddable":true,"href":"https:\/\/www.nebrijamallorca.com\/blog\/wp-json\/wp\/v2\/users\/3"}],"replies":[{"embeddable":true,"href":"https:\/\/www.nebrijamallorca.com\/blog\/wp-json\/wp\/v2\/comments?post=184"}],"version-history":[{"count":5,"href":"https:\/\/www.nebrijamallorca.com\/blog\/wp-json\/wp\/v2\/posts\/184\/revisions"}],"predecessor-version":[{"id":197,"href":"https:\/\/www.nebrijamallorca.com\/blog\/wp-json\/wp\/v2\/posts\/184\/revisions\/197"}],"wp:featuredmedia":[{"embeddable":true,"href":"https:\/\/www.nebrijamallorca.com\/blog\/wp-json\/wp\/v2\/media\/185"}],"wp:attachment":[{"href":"https:\/\/www.nebrijamallorca.com\/blog\/wp-json\/wp\/v2\/media?parent=184"}],"wp:term":[{"taxonomy":"category","embeddable":true,"href":"https:\/\/www.nebrijamallorca.com\/blog\/wp-json\/wp\/v2\/categories?post=184"},{"taxonomy":"post_tag","embeddable":true,"href":"https:\/\/www.nebrijamallorca.com\/blog\/wp-json\/wp\/v2\/tags?post=184"}],"curies":[{"name":"wp","href":"https:\/\/api.w.org\/{rel}","templated":true}]}}