{"id":189,"date":"2026-07-06T15:00:00","date_gmt":"2026-07-06T13:00:00","guid":{"rendered":"https:\/\/www.nebrijamallorca.com\/blog\/?p=189"},"modified":"2026-07-03T11:59:03","modified_gmt":"2026-07-03T09:59:03","slug":"nebrija-mallorca-ceceib","status":"publish","type":"post","link":"https:\/\/www.nebrijamallorca.com\/blog\/2026\/07\/06\/nebrija-mallorca-ceceib\/","title":{"rendered":"El C.U Nebrija Mallorca se une a la Asociaci\u00f3n de Centros de Ense\u00f1anzas de Baleares para impulsar la educaci\u00f3n en las islas"},"content":{"rendered":"\n<p class=\"wp-block-paragraph\">El Centro Universitario Nebrija Mallorca ha dado un paso decisivo en su estrategia de crecimiento y compromiso con el futuro educativo del archipi\u00e9lago al formalizar su incorporaci\u00f3n a la Confederaci\u00f3n de Centros Educativos de las Islas Baleares (CECEIB).<\/p>\n\n\n\n<p class=\"wp-block-paragraph\">Este acuerdo estrat\u00e9gico entre Nebrija Mallorca y la CECEIB, firmado por Jes\u00fas Guodemar (director de desarrollo y proyectos universitarios de Institutos Nebrija) y Ventura Blach (presidente de la patronal), sienta las bases para una estrecha colaboraci\u00f3n orientada a fomentar la innovaci\u00f3n docente y la excelencia acad\u00e9mica en la regi\u00f3n.<\/p>\n\n\n\n<p class=\"wp-block-paragraph\">Esta adhesi\u00f3n permitir\u00e1 al centro universitario colaborar activamente en los espacios de cooperaci\u00f3n de la patronal, aportando su experiencia en educaci\u00f3n superior y promoviendo proyectos conjuntos.<\/p>\n\n\n\n<p class=\"wp-block-paragraph\">Jes\u00fas Guodemar ha destacado que la cooperaci\u00f3n interinstitucional es clave para afrontar los retos educativos actuales, mientras que Ventura Blach ha valorado positivamente la llegada de una entidad firmemente comprometida con el desarrollo del sistema formativo balear.<\/p>\n\n\n\n<p class=\"wp-block-paragraph\">Con esta integraci\u00f3n, la alianza Nebrija Mallorca-CECEIB refuerza el ecosistema educativo de las islas. La instituci\u00f3n universitaria reafirma as\u00ed su apuesta por una formaci\u00f3n superior innovadora, de calidad y directamente conectada con las necesidades reales de la sociedad actual.<\/p>\n\n\n\n<p class=\"wp-block-paragraph\">A partir de ahora, se abre un nuevo escenario de colaboraci\u00f3n que promete generar sinergias muy positivas para la comunidad docente y el alumnado de las Islas Baleares.<\/p>\n","protected":false},"excerpt":{"rendered":"<p>El Centro Universitario Nebrija Mallorca ha dado un paso decisivo en su estrategia de crecimiento y compromiso con el futuro educativo del archipi\u00e9lago al formalizar su incorporaci\u00f3n a la Confederaci\u00f3n de Centros Educativos de las Islas Baleares (CECEIB). Este acuerdo estrat\u00e9gico entre Nebrija Mallorca y la CECEIB, firmado por Jes\u00fas Guodemar (director de desarrollo y [&hellip;]<\/p>\n","protected":false},"author":3,"featured_media":190,"comment_status":"closed","ping_status":"closed","sticky":false,"template":"","format":"standard","meta":{"footnotes":""},"categories":[12,10,56,22,11],"tags":[58,13],"class_list":["post-189","post","type-post","status-publish","format-standard","has-post-thumbnail","hentry","category-acuerdos-de-colaboracion","category-enfermeria-mallorca","category-especialidades","category-estudiar-enfermeria-en-mallorca","category-nebrija-mallorca","tag-ceceib","tag-nebrija-mallorca"],"yoast_head":"<!-- This site is optimized with the Yoast SEO plugin v27.7 - https:\/\/yoast.com\/product\/yoast-seo-wordpress\/ -->\n<title>El Centro Universitario Nebrija Mallorca se une a la CECEIB<\/title>\n<meta name=\"description\" content=\"Hemos formalizado nuestra incorporaci\u00f3n a la Confederaci\u00f3n de Centros Educativos de las Islas Baleares (CECEIB) para crear proyectos que den respuesta a los retos actuales de la sociedad balear.\" \/>\n<meta name=\"robots\" content=\"index, follow, max-snippet:-1, max-image-preview:large, max-video-preview:-1\" \/>\n<link rel=\"canonical\" href=\"https:\/\/www.nebrijamallorca.com\/blog\/2026\/07\/06\/nebrija-mallorca-ceceib\/\" \/>\n<meta property=\"og:locale\" content=\"es_ES\" \/>\n<meta property=\"og:type\" content=\"article\" \/>\n<meta property=\"og:title\" content=\"El Centro Universitario Nebrija Mallorca se une a la CECEIB\" \/>\n<meta property=\"og:description\" content=\"Hemos formalizado nuestra incorporaci\u00f3n a la Confederaci\u00f3n de Centros Educativos de las Islas Baleares (CECEIB) para crear proyectos que den respuesta a los retos actuales de la sociedad balear.\" \/>\n<meta property=\"og:url\" content=\"https:\/\/www.nebrijamallorca.com\/blog\/2026\/07\/06\/nebrija-mallorca-ceceib\/\" \/>\n<meta property=\"og:site_name\" content=\"Actualidad Nebrija Mallorca\" \/>\n<meta property=\"article:published_time\" content=\"2026-07-06T13:00:00+00:00\" \/>\n<meta property=\"og:image\" content=\"https:\/\/www.nebrijamallorca.com\/blog\/wp-content\/uploads\/2026\/07\/26.06.25-CECEIB-NEBRIJA-1024x675-1.jpg\" \/>\n\t<meta property=\"og:image:width\" content=\"1024\" \/>\n\t<meta property=\"og:image:height\" content=\"675\" \/>\n\t<meta property=\"og:image:type\" content=\"image\/jpeg\" \/>\n<meta name=\"author\" content=\"Maria Olivares\" \/>\n<meta name=\"twitter:card\" content=\"summary_large_image\" \/>\n<meta name=\"twitter:label1\" content=\"Escrito por\" \/>\n\t<meta name=\"twitter:data1\" content=\"Maria Olivares\" \/>\n\t<meta name=\"twitter:label2\" content=\"Tiempo de lectura\" \/>\n\t<meta name=\"twitter:data2\" content=\"2 minutos\" \/>\n<script type=\"application\/ld+json\" class=\"yoast-schema-graph\">{\"@context\":\"https:\\\/\\\/schema.org\",\"@graph\":[{\"@type\":\"Article\",\"@id\":\"https:\\\/\\\/www.nebrijamallorca.com\\\/blog\\\/2026\\\/07\\\/06\\\/nebrija-mallorca-ceceib\\\/#article\",\"isPartOf\":{\"@id\":\"https:\\\/\\\/www.nebrijamallorca.com\\\/blog\\\/2026\\\/07\\\/06\\\/nebrija-mallorca-ceceib\\\/\"},\"author\":{\"name\":\"Maria Olivares\",\"@id\":\"https:\\\/\\\/www.nebrijamallorca.com\\\/blog\\\/#\\\/schema\\\/person\\\/9ace66970ac827179a4945f143c39498\"},\"headline\":\"El C.U Nebrija Mallorca se une a la Asociaci\u00f3n de Centros de Ense\u00f1anzas de Baleares para impulsar la educaci\u00f3n en las islas\",\"datePublished\":\"2026-07-06T13:00:00+00:00\",\"mainEntityOfPage\":{\"@id\":\"https:\\\/\\\/www.nebrijamallorca.com\\\/blog\\\/2026\\\/07\\\/06\\\/nebrija-mallorca-ceceib\\\/\"},\"wordCount\":261,\"publisher\":{\"@id\":\"https:\\\/\\\/www.nebrijamallorca.com\\\/blog\\\/#organization\"},\"image\":{\"@id\":\"https:\\\/\\\/www.nebrijamallorca.com\\\/blog\\\/2026\\\/07\\\/06\\\/nebrija-mallorca-ceceib\\\/#primaryimage\"},\"thumbnailUrl\":\"https:\\\/\\\/www.nebrijamallorca.com\\\/blog\\\/wp-content\\\/uploads\\\/2026\\\/07\\\/26.06.25-CECEIB-NEBRIJA-1024x675-1.jpg\",\"keywords\":[\"CECEIB\",\"Nebrija Mallorca\"],\"articleSection\":[\"Acuerdos de colaboraci\u00f3n\",\"Enfermer\u00eda Mallorca\",\"Especialidades\",\"Estudiar enfermer\u00eda en Mallorca\",\"Nebrija Mallorca\"],\"inLanguage\":\"es\"},{\"@type\":\"WebPage\",\"@id\":\"https:\\\/\\\/www.nebrijamallorca.com\\\/blog\\\/2026\\\/07\\\/06\\\/nebrija-mallorca-ceceib\\\/\",\"url\":\"https:\\\/\\\/www.nebrijamallorca.com\\\/blog\\\/2026\\\/07\\\/06\\\/nebrija-mallorca-ceceib\\\/\",\"name\":\"El Centro Universitario Nebrija Mallorca se une a la CECEIB\",\"isPartOf\":{\"@id\":\"https:\\\/\\\/www.nebrijamallorca.com\\\/blog\\\/#website\"},\"primaryImageOfPage\":{\"@id\":\"https:\\\/\\\/www.nebrijamallorca.com\\\/blog\\\/2026\\\/07\\\/06\\\/nebrija-mallorca-ceceib\\\/#primaryimage\"},\"image\":{\"@id\":\"https:\\\/\\\/www.nebrijamallorca.com\\\/blog\\\/2026\\\/07\\\/06\\\/nebrija-mallorca-ceceib\\\/#primaryimage\"},\"thumbnailUrl\":\"https:\\\/\\\/www.nebrijamallorca.com\\\/blog\\\/wp-content\\\/uploads\\\/2026\\\/07\\\/26.06.25-CECEIB-NEBRIJA-1024x675-1.jpg\",\"datePublished\":\"2026-07-06T13:00:00+00:00\",\"description\":\"Hemos formalizado nuestra incorporaci\u00f3n a la Confederaci\u00f3n de Centros Educativos de las Islas Baleares (CECEIB) para crear proyectos que den respuesta a los retos actuales de la sociedad balear.\",\"breadcrumb\":{\"@id\":\"https:\\\/\\\/www.nebrijamallorca.com\\\/blog\\\/2026\\\/07\\\/06\\\/nebrija-mallorca-ceceib\\\/#breadcrumb\"},\"inLanguage\":\"es\",\"potentialAction\":[{\"@type\":\"ReadAction\",\"target\":[\"https:\\\/\\\/www.nebrijamallorca.com\\\/blog\\\/2026\\\/07\\\/06\\\/nebrija-mallorca-ceceib\\\/\"]}]},{\"@type\":\"ImageObject\",\"inLanguage\":\"es\",\"@id\":\"https:\\\/\\\/www.nebrijamallorca.com\\\/blog\\\/2026\\\/07\\\/06\\\/nebrija-mallorca-ceceib\\\/#primaryimage\",\"url\":\"https:\\\/\\\/www.nebrijamallorca.com\\\/blog\\\/wp-content\\\/uploads\\\/2026\\\/07\\\/26.06.25-CECEIB-NEBRIJA-1024x675-1.jpg\",\"contentUrl\":\"https:\\\/\\\/www.nebrijamallorca.com\\\/blog\\\/wp-content\\\/uploads\\\/2026\\\/07\\\/26.06.25-CECEIB-NEBRIJA-1024x675-1.jpg\",\"width\":1024,\"height\":675},{\"@type\":\"BreadcrumbList\",\"@id\":\"https:\\\/\\\/www.nebrijamallorca.com\\\/blog\\\/2026\\\/07\\\/06\\\/nebrija-mallorca-ceceib\\\/#breadcrumb\",\"itemListElement\":[{\"@type\":\"ListItem\",\"position\":1,\"name\":\"Portada\",\"item\":\"https:\\\/\\\/www.nebrijamallorca.com\\\/blog\\\/\"},{\"@type\":\"ListItem\",\"position\":2,\"name\":\"El C.U Nebrija Mallorca se une a la Asociaci\u00f3n de Centros de Ense\u00f1anzas de Baleares para impulsar la educaci\u00f3n en las islas\"}]},{\"@type\":\"WebSite\",\"@id\":\"https:\\\/\\\/www.nebrijamallorca.com\\\/blog\\\/#website\",\"url\":\"https:\\\/\\\/www.nebrijamallorca.com\\\/blog\\\/\",\"name\":\"blog\",\"description\":\"\",\"publisher\":{\"@id\":\"https:\\\/\\\/www.nebrijamallorca.com\\\/blog\\\/#organization\"},\"potentialAction\":[{\"@type\":\"SearchAction\",\"target\":{\"@type\":\"EntryPoint\",\"urlTemplate\":\"https:\\\/\\\/www.nebrijamallorca.com\\\/blog\\\/?s={search_term_string}\"},\"query-input\":{\"@type\":\"PropertyValueSpecification\",\"valueRequired\":true,\"valueName\":\"search_term_string\"}}],\"inLanguage\":\"es\"},{\"@type\":\"Organization\",\"@id\":\"https:\\\/\\\/www.nebrijamallorca.com\\\/blog\\\/#organization\",\"name\":\"Centro Universitario Instituto Nebrija Mallorca\",\"url\":\"https:\\\/\\\/www.nebrijamallorca.com\\\/blog\\\/\",\"logo\":{\"@type\":\"ImageObject\",\"inLanguage\":\"es\",\"@id\":\"https:\\\/\\\/www.nebrijamallorca.com\\\/blog\\\/#\\\/schema\\\/logo\\\/image\\\/\",\"url\":\"https:\\\/\\\/www.nebrijamallorca.com\\\/blog\\\/wp-content\\\/uploads\\\/2026\\\/05\\\/logo-CUINM.svg\",\"contentUrl\":\"https:\\\/\\\/www.nebrijamallorca.com\\\/blog\\\/wp-content\\\/uploads\\\/2026\\\/05\\\/logo-CUINM.svg\",\"width\":974,\"height\":221,\"caption\":\"Centro Universitario Instituto Nebrija Mallorca\"},\"image\":{\"@id\":\"https:\\\/\\\/www.nebrijamallorca.com\\\/blog\\\/#\\\/schema\\\/logo\\\/image\\\/\"},\"sameAs\":[\"https:\\\/\\\/www.instagram.com\\\/cuinebrija_mallorca\\\/\",\"https:\\\/\\\/www.linkedin.com\\\/company\\\/centro-universitario-instituto-nebrija-mallorca\\\/\"]},{\"@type\":\"Person\",\"@id\":\"https:\\\/\\\/www.nebrijamallorca.com\\\/blog\\\/#\\\/schema\\\/person\\\/9ace66970ac827179a4945f143c39498\",\"name\":\"Maria Olivares\",\"image\":{\"@type\":\"ImageObject\",\"inLanguage\":\"es\",\"@id\":\"https:\\\/\\\/secure.gravatar.com\\\/avatar\\\/077374ce6cf5a3ce8c7ab4ba4733f03fbf0a9341688ee68f2fa8c68bbac82a3b?s=96&d=mm&r=g\",\"url\":\"https:\\\/\\\/secure.gravatar.com\\\/avatar\\\/077374ce6cf5a3ce8c7ab4ba4733f03fbf0a9341688ee68f2fa8c68bbac82a3b?s=96&d=mm&r=g\",\"contentUrl\":\"https:\\\/\\\/secure.gravatar.com\\\/avatar\\\/077374ce6cf5a3ce8c7ab4ba4733f03fbf0a9341688ee68f2fa8c68bbac82a3b?s=96&d=mm&r=g\",\"caption\":\"Maria Olivares\"},\"sameAs\":[\"https:\\\/\\\/www.linkedin.com\\\/in\\\/mariaolivarescomunicacion\\\/\"],\"url\":\"https:\\\/\\\/www.nebrijamallorca.com\\\/blog\\\/author\\\/maria-olivares\\\/\"}]}<\/script>\n<!-- \/ Yoast SEO plugin. -->","yoast_head_json":{"title":"El Centro Universitario Nebrija Mallorca se une a la CECEIB","description":"Hemos formalizado nuestra incorporaci\u00f3n a la Confederaci\u00f3n de Centros Educativos de las Islas Baleares (CECEIB) para crear proyectos que den respuesta a los retos actuales de la sociedad balear.","robots":{"index":"index","follow":"follow","max-snippet":"max-snippet:-1","max-image-preview":"max-image-preview:large","max-video-preview":"max-video-preview:-1"},"canonical":"https:\/\/www.nebrijamallorca.com\/blog\/2026\/07\/06\/nebrija-mallorca-ceceib\/","og_locale":"es_ES","og_type":"article","og_title":"El Centro Universitario Nebrija Mallorca se une a la CECEIB","og_description":"Hemos formalizado nuestra incorporaci\u00f3n a la Confederaci\u00f3n de Centros Educativos de las Islas Baleares (CECEIB) para crear proyectos que den respuesta a los retos actuales de la sociedad balear.","og_url":"https:\/\/www.nebrijamallorca.com\/blog\/2026\/07\/06\/nebrija-mallorca-ceceib\/","og_site_name":"Actualidad Nebrija Mallorca","article_published_time":"2026-07-06T13:00:00+00:00","og_image":[{"width":1024,"height":675,"url":"https:\/\/www.nebrijamallorca.com\/blog\/wp-content\/uploads\/2026\/07\/26.06.25-CECEIB-NEBRIJA-1024x675-1.jpg","type":"image\/jpeg"}],"author":"Maria Olivares","twitter_card":"summary_large_image","twitter_misc":{"Escrito por":"Maria Olivares","Tiempo de lectura":"2 minutos"},"schema":{"@context":"https:\/\/schema.org","@graph":[{"@type":"Article","@id":"https:\/\/www.nebrijamallorca.com\/blog\/2026\/07\/06\/nebrija-mallorca-ceceib\/#article","isPartOf":{"@id":"https:\/\/www.nebrijamallorca.com\/blog\/2026\/07\/06\/nebrija-mallorca-ceceib\/"},"author":{"name":"Maria Olivares","@id":"https:\/\/www.nebrijamallorca.com\/blog\/#\/schema\/person\/9ace66970ac827179a4945f143c39498"},"headline":"El C.U Nebrija Mallorca se une a la Asociaci\u00f3n de Centros de Ense\u00f1anzas de Baleares para impulsar la educaci\u00f3n en las islas","datePublished":"2026-07-06T13:00:00+00:00","mainEntityOfPage":{"@id":"https:\/\/www.nebrijamallorca.com\/blog\/2026\/07\/06\/nebrija-mallorca-ceceib\/"},"wordCount":261,"publisher":{"@id":"https:\/\/www.nebrijamallorca.com\/blog\/#organization"},"image":{"@id":"https:\/\/www.nebrijamallorca.com\/blog\/2026\/07\/06\/nebrija-mallorca-ceceib\/#primaryimage"},"thumbnailUrl":"https:\/\/www.nebrijamallorca.com\/blog\/wp-content\/uploads\/2026\/07\/26.06.25-CECEIB-NEBRIJA-1024x675-1.jpg","keywords":["CECEIB","Nebrija Mallorca"],"articleSection":["Acuerdos de colaboraci\u00f3n","Enfermer\u00eda Mallorca","Especialidades","Estudiar enfermer\u00eda en Mallorca","Nebrija Mallorca"],"inLanguage":"es"},{"@type":"WebPage","@id":"https:\/\/www.nebrijamallorca.com\/blog\/2026\/07\/06\/nebrija-mallorca-ceceib\/","url":"https:\/\/www.nebrijamallorca.com\/blog\/2026\/07\/06\/nebrija-mallorca-ceceib\/","name":"El Centro Universitario Nebrija Mallorca se une a la CECEIB","isPartOf":{"@id":"https:\/\/www.nebrijamallorca.com\/blog\/#website"},"primaryImageOfPage":{"@id":"https:\/\/www.nebrijamallorca.com\/blog\/2026\/07\/06\/nebrija-mallorca-ceceib\/#primaryimage"},"image":{"@id":"https:\/\/www.nebrijamallorca.com\/blog\/2026\/07\/06\/nebrija-mallorca-ceceib\/#primaryimage"},"thumbnailUrl":"https:\/\/www.nebrijamallorca.com\/blog\/wp-content\/uploads\/2026\/07\/26.06.25-CECEIB-NEBRIJA-1024x675-1.jpg","datePublished":"2026-07-06T13:00:00+00:00","description":"Hemos formalizado nuestra incorporaci\u00f3n a la Confederaci\u00f3n de Centros Educativos de las Islas Baleares (CECEIB) para crear proyectos que den respuesta a los retos actuales de la sociedad balear.","breadcrumb":{"@id":"https:\/\/www.nebrijamallorca.com\/blog\/2026\/07\/06\/nebrija-mallorca-ceceib\/#breadcrumb"},"inLanguage":"es","potentialAction":[{"@type":"ReadAction","target":["https:\/\/www.nebrijamallorca.com\/blog\/2026\/07\/06\/nebrija-mallorca-ceceib\/"]}]},{"@type":"ImageObject","inLanguage":"es","@id":"https:\/\/www.nebrijamallorca.com\/blog\/2026\/07\/06\/nebrija-mallorca-ceceib\/#primaryimage","url":"https:\/\/www.nebrijamallorca.com\/blog\/wp-content\/uploads\/2026\/07\/26.06.25-CECEIB-NEBRIJA-1024x675-1.jpg","contentUrl":"https:\/\/www.nebrijamallorca.com\/blog\/wp-content\/uploads\/2026\/07\/26.06.25-CECEIB-NEBRIJA-1024x675-1.jpg","width":1024,"height":675},{"@type":"BreadcrumbList","@id":"https:\/\/www.nebrijamallorca.com\/blog\/2026\/07\/06\/nebrija-mallorca-ceceib\/#breadcrumb","itemListElement":[{"@type":"ListItem","position":1,"name":"Portada","item":"https:\/\/www.nebrijamallorca.com\/blog\/"},{"@type":"ListItem","position":2,"name":"El C.U Nebrija Mallorca se une a la Asociaci\u00f3n de Centros de Ense\u00f1anzas de Baleares para impulsar la educaci\u00f3n en las islas"}]},{"@type":"WebSite","@id":"https:\/\/www.nebrijamallorca.com\/blog\/#website","url":"https:\/\/www.nebrijamallorca.com\/blog\/","name":"blog","description":"","publisher":{"@id":"https:\/\/www.nebrijamallorca.com\/blog\/#organization"},"potentialAction":[{"@type":"SearchAction","target":{"@type":"EntryPoint","urlTemplate":"https:\/\/www.nebrijamallorca.com\/blog\/?s={search_term_string}"},"query-input":{"@type":"PropertyValueSpecification","valueRequired":true,"valueName":"search_term_string"}}],"inLanguage":"es"},{"@type":"Organization","@id":"https:\/\/www.nebrijamallorca.com\/blog\/#organization","name":"Centro Universitario Instituto Nebrija Mallorca","url":"https:\/\/www.nebrijamallorca.com\/blog\/","logo":{"@type":"ImageObject","inLanguage":"es","@id":"https:\/\/www.nebrijamallorca.com\/blog\/#\/schema\/logo\/image\/","url":"https:\/\/www.nebrijamallorca.com\/blog\/wp-content\/uploads\/2026\/05\/logo-CUINM.svg","contentUrl":"https:\/\/www.nebrijamallorca.com\/blog\/wp-content\/uploads\/2026\/05\/logo-CUINM.svg","width":974,"height":221,"caption":"Centro Universitario Instituto Nebrija Mallorca"},"image":{"@id":"https:\/\/www.nebrijamallorca.com\/blog\/#\/schema\/logo\/image\/"},"sameAs":["https:\/\/www.instagram.com\/cuinebrija_mallorca\/","https:\/\/www.linkedin.com\/company\/centro-universitario-instituto-nebrija-mallorca\/"]},{"@type":"Person","@id":"https:\/\/www.nebrijamallorca.com\/blog\/#\/schema\/person\/9ace66970ac827179a4945f143c39498","name":"Maria Olivares","image":{"@type":"ImageObject","inLanguage":"es","@id":"https:\/\/secure.gravatar.com\/avatar\/077374ce6cf5a3ce8c7ab4ba4733f03fbf0a9341688ee68f2fa8c68bbac82a3b?s=96&d=mm&r=g","url":"https:\/\/secure.gravatar.com\/avatar\/077374ce6cf5a3ce8c7ab4ba4733f03fbf0a9341688ee68f2fa8c68bbac82a3b?s=96&d=mm&r=g","contentUrl":"https:\/\/secure.gravatar.com\/avatar\/077374ce6cf5a3ce8c7ab4ba4733f03fbf0a9341688ee68f2fa8c68bbac82a3b?s=96&d=mm&r=g","caption":"Maria Olivares"},"sameAs":["https:\/\/www.linkedin.com\/in\/mariaolivarescomunicacion\/"],"url":"https:\/\/www.nebrijamallorca.com\/blog\/author\/maria-olivares\/"}]}},"_links":{"self":[{"href":"https:\/\/www.nebrijamallorca.com\/blog\/wp-json\/wp\/v2\/posts\/189","targetHints":{"allow":["GET"]}}],"collection":[{"href":"https:\/\/www.nebrijamallorca.com\/blog\/wp-json\/wp\/v2\/posts"}],"about":[{"href":"https:\/\/www.nebrijamallorca.com\/blog\/wp-json\/wp\/v2\/types\/post"}],"author":[{"embeddable":true,"href":"https:\/\/www.nebrijamallorca.com\/blog\/wp-json\/wp\/v2\/users\/3"}],"replies":[{"embeddable":true,"href":"https:\/\/www.nebrijamallorca.com\/blog\/wp-json\/wp\/v2\/comments?post=189"}],"version-history":[{"count":1,"href":"https:\/\/www.nebrijamallorca.com\/blog\/wp-json\/wp\/v2\/posts\/189\/revisions"}],"predecessor-version":[{"id":191,"href":"https:\/\/www.nebrijamallorca.com\/blog\/wp-json\/wp\/v2\/posts\/189\/revisions\/191"}],"wp:featuredmedia":[{"embeddable":true,"href":"https:\/\/www.nebrijamallorca.com\/blog\/wp-json\/wp\/v2\/media\/190"}],"wp:attachment":[{"href":"https:\/\/www.nebrijamallorca.com\/blog\/wp-json\/wp\/v2\/media?parent=189"}],"wp:term":[{"taxonomy":"category","embeddable":true,"href":"https:\/\/www.nebrijamallorca.com\/blog\/wp-json\/wp\/v2\/categories?post=189"},{"taxonomy":"post_tag","embeddable":true,"href":"https:\/\/www.nebrijamallorca.com\/blog\/wp-json\/wp\/v2\/tags?post=189"}],"curies":[{"name":"wp","href":"https:\/\/api.w.org\/{rel}","templated":true}]}}