{"id":198,"date":"2026-07-08T12:35:49","date_gmt":"2026-07-08T10:35:49","guid":{"rendered":"https:\/\/www.nebrijamallorca.com\/blog\/?p=198"},"modified":"2026-07-08T12:40:19","modified_gmt":"2026-07-08T10:40:19","slug":"acuerdo-practicas-nebrija-mutua-universal","status":"publish","type":"post","link":"https:\/\/www.nebrijamallorca.com\/blog\/2026\/07\/08\/acuerdo-practicas-nebrija-mutua-universal\/","title":{"rendered":"Nuevo acuerdo con Mutua Universal para la  pr\u00e1cticas acad\u00e9micas de los alumnos"},"content":{"rendered":"\n<p class=\"wp-block-paragraph\">\u00a1Grandes noticias para nuestra comunidad universitaria!<\/p>\n\n\n\n<p class=\"wp-block-paragraph\">El <a href=\"https:\/\/www.nebrijamallorca.com\/\">Centro Universitario Instituto Nebrija Mallorca <\/a>y <a href=\"https:\/\/www.mutuauniversal.net\/es\/\">Mutua Universal-Mugenat<\/a> han oficializado un convenio de cooperaci\u00f3n educativa que abrir\u00e1 nuevas puertas al futuro laboral de nuestros estudiantes.<\/p>\n\n\n\n<p class=\"wp-block-paragraph\">Este acuerdo estrat\u00e9gico tiene un objetivo claro: conectar las aulas con el mundo real y potenciar el desarrollo profesional de los alumnos a trav\u00e9s de la formaci\u00f3n pr\u00e1ctica.<\/p>\n\n\n\n<h4 class=\"wp-block-heading\">\u00bfEn qu\u00e9 consiste este acuerdo?<\/h4>\n\n\n\n<p class=\"wp-block-paragraph\">La firma, ratificada por Jes\u00fas Guodemar (director de proyectos universitarios de Institutos Nebrija) y Jaime Jes\u00fas Mayrata Fiol (director de zona de Mutua Universal), incorpora a la mutua a la s\u00f3lida red de entidades colaboradoras de Nebrija Mallorca.<\/p>\n\n\n\n<p class=\"wp-block-paragraph\">A partir de ahora, los estudiantes podr\u00e1n complementar su aprendizaje te\u00f3rico sumergi\u00e9ndose de lleno en el d\u00eda a d\u00eda de la gesti\u00f3n y la realidad profesional de Mutua Universal.<\/p>\n\n\n\n<h4 class=\"wp-block-heading\">Las claves del convenio:<\/h4>\n\n\n\n<ul class=\"wp-block-list\">\n<li>Flexibilidad: El acuerdo regula tanto las pr\u00e1cticas curriculares (obligatorias dentro del plan de estudios) como las extracurriculares (voluntarias).<\/li>\n\n\n\n<li>Formaci\u00f3n a medida: Las estancias pr\u00e1cticas estar\u00e1n dise\u00f1adas espec\u00edficamente para alinearse con los planes de estudio de los alumnos.<\/li>\n\n\n\n<li>Tutorizaci\u00f3n compartida: Los estudiantes contar\u00e1n con el respaldo y gu\u00eda de profesionales tanto de la universidad como de la mutua.<\/li>\n<\/ul>\n\n\n\n<blockquote class=\"wp-block-quote is-layout-flow wp-block-quote-is-layout-flow\">\n<p class=\"wp-block-paragraph\"><em>\u00abEl prop\u00f3sito fundamental de este programa es doble: enriquecer la formaci\u00f3n del alumnado fomentando valores como la innovaci\u00f3n, la creatividad y el emprendimiento, y facilitar un conocimiento directo de las metodolog\u00edas laborales actuales.\u00bb<\/em><\/p>\n<\/blockquote>\n\n\n\n<h4 class=\"wp-block-heading\">Impulsando la empleabilidad<\/h4>\n\n\n\n<p class=\"wp-block-paragraph\">En el mercado laboral actual, la experiencia previa es un factor diferencial. Gracias a esta alianza, los estudiantes de Nebrija Mallorca no solo obtendr\u00e1n un valioso bagaje en su curr\u00edculum, sino que desarrollar\u00e1n las competencias t\u00e9cnicas y habilidades de adaptaci\u00f3n necesarias para destacar y optimizar su acceso al mundo del trabajo.<\/p>\n","protected":false},"excerpt":{"rendered":"<p>\u00a1Grandes noticias para nuestra comunidad universitaria! El Centro Universitario Instituto Nebrija Mallorca y Mutua Universal-Mugenat han oficializado un convenio de cooperaci\u00f3n educativa que abrir\u00e1 nuevas puertas al futuro laboral de nuestros estudiantes. Este acuerdo estrat\u00e9gico tiene un objetivo claro: conectar las aulas con el mundo real y potenciar el desarrollo profesional de los alumnos a [&hellip;]<\/p>\n","protected":false},"author":3,"featured_media":199,"comment_status":"closed","ping_status":"closed","sticky":false,"template":"","format":"standard","meta":{"footnotes":""},"categories":[12,10,22,11,1],"tags":[],"class_list":["post-198","post","type-post","status-publish","format-standard","has-post-thumbnail","hentry","category-acuerdos-de-colaboracion","category-enfermeria-mallorca","category-estudiar-enfermeria-en-mallorca","category-nebrija-mallorca","category-sin-categoria"],"yoast_head":"<!-- This site is optimized with the Yoast SEO plugin v27.7 - https:\/\/yoast.com\/product\/yoast-seo-wordpress\/ -->\n<title>Nuevo acuerdo para las pr\u00e1cticas: Nebrija y Mutua Universal<\/title>\n<meta name=\"description\" content=\"Nuevo convenio de cooperaci\u00f3n educativa con Mutua Universal para impulsar las pr\u00e1cticas en Nebrija Mallorca y la empleabilidad de los alumnos.\" \/>\n<meta name=\"robots\" content=\"index, follow, max-snippet:-1, max-image-preview:large, max-video-preview:-1\" \/>\n<link rel=\"canonical\" href=\"https:\/\/www.nebrijamallorca.com\/blog\/2026\/07\/08\/acuerdo-practicas-nebrija-mutua-universal\/\" \/>\n<meta property=\"og:locale\" content=\"es_ES\" \/>\n<meta property=\"og:type\" content=\"article\" \/>\n<meta property=\"og:title\" content=\"Nuevo acuerdo para las pr\u00e1cticas: Nebrija y Mutua Universal\" \/>\n<meta property=\"og:description\" content=\"Nuevo convenio de cooperaci\u00f3n educativa con Mutua Universal para impulsar las pr\u00e1cticas en Nebrija Mallorca y la empleabilidad de los alumnos.\" \/>\n<meta property=\"og:url\" content=\"https:\/\/www.nebrijamallorca.com\/blog\/2026\/07\/08\/acuerdo-practicas-nebrija-mutua-universal\/\" \/>\n<meta property=\"og:site_name\" content=\"Actualidad Nebrija Mallorca\" \/>\n<meta property=\"article:published_time\" content=\"2026-07-08T10:35:49+00:00\" \/>\n<meta property=\"article:modified_time\" content=\"2026-07-08T10:40:19+00:00\" \/>\n<meta property=\"og:image\" content=\"https:\/\/www.nebrijamallorca.com\/blog\/wp-content\/uploads\/2026\/07\/CUINMA-y-Mutua-Universal-1.jpg\" \/>\n\t<meta property=\"og:image:width\" content=\"1530\" \/>\n\t<meta property=\"og:image:height\" content=\"1204\" \/>\n\t<meta property=\"og:image:type\" content=\"image\/jpeg\" \/>\n<meta name=\"author\" content=\"Maria Olivares\" \/>\n<meta name=\"twitter:card\" content=\"summary_large_image\" \/>\n<meta name=\"twitter:label1\" content=\"Escrito por\" \/>\n\t<meta name=\"twitter:data1\" content=\"Maria Olivares\" \/>\n\t<meta name=\"twitter:label2\" content=\"Tiempo de lectura\" \/>\n\t<meta name=\"twitter:data2\" content=\"2 minutos\" \/>\n<script type=\"application\/ld+json\" class=\"yoast-schema-graph\">{\"@context\":\"https:\\\/\\\/schema.org\",\"@graph\":[{\"@type\":\"Article\",\"@id\":\"https:\\\/\\\/www.nebrijamallorca.com\\\/blog\\\/2026\\\/07\\\/08\\\/acuerdo-practicas-nebrija-mutua-universal\\\/#article\",\"isPartOf\":{\"@id\":\"https:\\\/\\\/www.nebrijamallorca.com\\\/blog\\\/2026\\\/07\\\/08\\\/acuerdo-practicas-nebrija-mutua-universal\\\/\"},\"author\":{\"name\":\"Maria Olivares\",\"@id\":\"https:\\\/\\\/www.nebrijamallorca.com\\\/blog\\\/#\\\/schema\\\/person\\\/9ace66970ac827179a4945f143c39498\"},\"headline\":\"Nuevo acuerdo con Mutua Universal para la pr\u00e1cticas acad\u00e9micas de los alumnos\",\"datePublished\":\"2026-07-08T10:35:49+00:00\",\"dateModified\":\"2026-07-08T10:40:19+00:00\",\"mainEntityOfPage\":{\"@id\":\"https:\\\/\\\/www.nebrijamallorca.com\\\/blog\\\/2026\\\/07\\\/08\\\/acuerdo-practicas-nebrija-mutua-universal\\\/\"},\"wordCount\":326,\"publisher\":{\"@id\":\"https:\\\/\\\/www.nebrijamallorca.com\\\/blog\\\/#organization\"},\"image\":{\"@id\":\"https:\\\/\\\/www.nebrijamallorca.com\\\/blog\\\/2026\\\/07\\\/08\\\/acuerdo-practicas-nebrija-mutua-universal\\\/#primaryimage\"},\"thumbnailUrl\":\"https:\\\/\\\/www.nebrijamallorca.com\\\/blog\\\/wp-content\\\/uploads\\\/2026\\\/07\\\/CUINMA-y-Mutua-Universal-1.jpg\",\"articleSection\":[\"Acuerdos de colaboraci\u00f3n\",\"Enfermer\u00eda Mallorca\",\"Estudiar enfermer\u00eda en Mallorca\",\"Nebrija Mallorca\"],\"inLanguage\":\"es\"},{\"@type\":\"WebPage\",\"@id\":\"https:\\\/\\\/www.nebrijamallorca.com\\\/blog\\\/2026\\\/07\\\/08\\\/acuerdo-practicas-nebrija-mutua-universal\\\/\",\"url\":\"https:\\\/\\\/www.nebrijamallorca.com\\\/blog\\\/2026\\\/07\\\/08\\\/acuerdo-practicas-nebrija-mutua-universal\\\/\",\"name\":\"Nuevo acuerdo para las pr\u00e1cticas: Nebrija y Mutua Universal\",\"isPartOf\":{\"@id\":\"https:\\\/\\\/www.nebrijamallorca.com\\\/blog\\\/#website\"},\"primaryImageOfPage\":{\"@id\":\"https:\\\/\\\/www.nebrijamallorca.com\\\/blog\\\/2026\\\/07\\\/08\\\/acuerdo-practicas-nebrija-mutua-universal\\\/#primaryimage\"},\"image\":{\"@id\":\"https:\\\/\\\/www.nebrijamallorca.com\\\/blog\\\/2026\\\/07\\\/08\\\/acuerdo-practicas-nebrija-mutua-universal\\\/#primaryimage\"},\"thumbnailUrl\":\"https:\\\/\\\/www.nebrijamallorca.com\\\/blog\\\/wp-content\\\/uploads\\\/2026\\\/07\\\/CUINMA-y-Mutua-Universal-1.jpg\",\"datePublished\":\"2026-07-08T10:35:49+00:00\",\"dateModified\":\"2026-07-08T10:40:19+00:00\",\"description\":\"Nuevo convenio de cooperaci\u00f3n educativa con Mutua Universal para impulsar las pr\u00e1cticas en Nebrija Mallorca y la empleabilidad de los alumnos.\",\"breadcrumb\":{\"@id\":\"https:\\\/\\\/www.nebrijamallorca.com\\\/blog\\\/2026\\\/07\\\/08\\\/acuerdo-practicas-nebrija-mutua-universal\\\/#breadcrumb\"},\"inLanguage\":\"es\",\"potentialAction\":[{\"@type\":\"ReadAction\",\"target\":[\"https:\\\/\\\/www.nebrijamallorca.com\\\/blog\\\/2026\\\/07\\\/08\\\/acuerdo-practicas-nebrija-mutua-universal\\\/\"]}]},{\"@type\":\"ImageObject\",\"inLanguage\":\"es\",\"@id\":\"https:\\\/\\\/www.nebrijamallorca.com\\\/blog\\\/2026\\\/07\\\/08\\\/acuerdo-practicas-nebrija-mutua-universal\\\/#primaryimage\",\"url\":\"https:\\\/\\\/www.nebrijamallorca.com\\\/blog\\\/wp-content\\\/uploads\\\/2026\\\/07\\\/CUINMA-y-Mutua-Universal-1.jpg\",\"contentUrl\":\"https:\\\/\\\/www.nebrijamallorca.com\\\/blog\\\/wp-content\\\/uploads\\\/2026\\\/07\\\/CUINMA-y-Mutua-Universal-1.jpg\",\"width\":1530,\"height\":1204},{\"@type\":\"BreadcrumbList\",\"@id\":\"https:\\\/\\\/www.nebrijamallorca.com\\\/blog\\\/2026\\\/07\\\/08\\\/acuerdo-practicas-nebrija-mutua-universal\\\/#breadcrumb\",\"itemListElement\":[{\"@type\":\"ListItem\",\"position\":1,\"name\":\"Portada\",\"item\":\"https:\\\/\\\/www.nebrijamallorca.com\\\/blog\\\/\"},{\"@type\":\"ListItem\",\"position\":2,\"name\":\"Nuevo acuerdo con Mutua Universal para la pr\u00e1cticas acad\u00e9micas de los alumnos\"}]},{\"@type\":\"WebSite\",\"@id\":\"https:\\\/\\\/www.nebrijamallorca.com\\\/blog\\\/#website\",\"url\":\"https:\\\/\\\/www.nebrijamallorca.com\\\/blog\\\/\",\"name\":\"blog\",\"description\":\"\",\"publisher\":{\"@id\":\"https:\\\/\\\/www.nebrijamallorca.com\\\/blog\\\/#organization\"},\"potentialAction\":[{\"@type\":\"SearchAction\",\"target\":{\"@type\":\"EntryPoint\",\"urlTemplate\":\"https:\\\/\\\/www.nebrijamallorca.com\\\/blog\\\/?s={search_term_string}\"},\"query-input\":{\"@type\":\"PropertyValueSpecification\",\"valueRequired\":true,\"valueName\":\"search_term_string\"}}],\"inLanguage\":\"es\"},{\"@type\":\"Organization\",\"@id\":\"https:\\\/\\\/www.nebrijamallorca.com\\\/blog\\\/#organization\",\"name\":\"Centro Universitario Instituto Nebrija Mallorca\",\"url\":\"https:\\\/\\\/www.nebrijamallorca.com\\\/blog\\\/\",\"logo\":{\"@type\":\"ImageObject\",\"inLanguage\":\"es\",\"@id\":\"https:\\\/\\\/www.nebrijamallorca.com\\\/blog\\\/#\\\/schema\\\/logo\\\/image\\\/\",\"url\":\"https:\\\/\\\/www.nebrijamallorca.com\\\/blog\\\/wp-content\\\/uploads\\\/2026\\\/05\\\/logo-CUINM.svg\",\"contentUrl\":\"https:\\\/\\\/www.nebrijamallorca.com\\\/blog\\\/wp-content\\\/uploads\\\/2026\\\/05\\\/logo-CUINM.svg\",\"width\":974,\"height\":221,\"caption\":\"Centro Universitario Instituto Nebrija Mallorca\"},\"image\":{\"@id\":\"https:\\\/\\\/www.nebrijamallorca.com\\\/blog\\\/#\\\/schema\\\/logo\\\/image\\\/\"},\"sameAs\":[\"https:\\\/\\\/www.instagram.com\\\/cuinebrija_mallorca\\\/\",\"https:\\\/\\\/www.linkedin.com\\\/company\\\/centro-universitario-instituto-nebrija-mallorca\\\/\"]},{\"@type\":\"Person\",\"@id\":\"https:\\\/\\\/www.nebrijamallorca.com\\\/blog\\\/#\\\/schema\\\/person\\\/9ace66970ac827179a4945f143c39498\",\"name\":\"Maria Olivares\",\"image\":{\"@type\":\"ImageObject\",\"inLanguage\":\"es\",\"@id\":\"https:\\\/\\\/secure.gravatar.com\\\/avatar\\\/077374ce6cf5a3ce8c7ab4ba4733f03fbf0a9341688ee68f2fa8c68bbac82a3b?s=96&d=mm&r=g\",\"url\":\"https:\\\/\\\/secure.gravatar.com\\\/avatar\\\/077374ce6cf5a3ce8c7ab4ba4733f03fbf0a9341688ee68f2fa8c68bbac82a3b?s=96&d=mm&r=g\",\"contentUrl\":\"https:\\\/\\\/secure.gravatar.com\\\/avatar\\\/077374ce6cf5a3ce8c7ab4ba4733f03fbf0a9341688ee68f2fa8c68bbac82a3b?s=96&d=mm&r=g\",\"caption\":\"Maria Olivares\"},\"sameAs\":[\"https:\\\/\\\/www.linkedin.com\\\/in\\\/mariaolivarescomunicacion\\\/\"],\"url\":\"https:\\\/\\\/www.nebrijamallorca.com\\\/blog\\\/author\\\/maria-olivares\\\/\"}]}<\/script>\n<!-- \/ Yoast SEO plugin. -->","yoast_head_json":{"title":"Nuevo acuerdo para las pr\u00e1cticas: Nebrija y Mutua Universal","description":"Nuevo convenio de cooperaci\u00f3n educativa con Mutua Universal para impulsar las pr\u00e1cticas en Nebrija Mallorca y la empleabilidad de los alumnos.","robots":{"index":"index","follow":"follow","max-snippet":"max-snippet:-1","max-image-preview":"max-image-preview:large","max-video-preview":"max-video-preview:-1"},"canonical":"https:\/\/www.nebrijamallorca.com\/blog\/2026\/07\/08\/acuerdo-practicas-nebrija-mutua-universal\/","og_locale":"es_ES","og_type":"article","og_title":"Nuevo acuerdo para las pr\u00e1cticas: Nebrija y Mutua Universal","og_description":"Nuevo convenio de cooperaci\u00f3n educativa con Mutua Universal para impulsar las pr\u00e1cticas en Nebrija Mallorca y la empleabilidad de los alumnos.","og_url":"https:\/\/www.nebrijamallorca.com\/blog\/2026\/07\/08\/acuerdo-practicas-nebrija-mutua-universal\/","og_site_name":"Actualidad Nebrija Mallorca","article_published_time":"2026-07-08T10:35:49+00:00","article_modified_time":"2026-07-08T10:40:19+00:00","og_image":[{"width":1530,"height":1204,"url":"https:\/\/www.nebrijamallorca.com\/blog\/wp-content\/uploads\/2026\/07\/CUINMA-y-Mutua-Universal-1.jpg","type":"image\/jpeg"}],"author":"Maria Olivares","twitter_card":"summary_large_image","twitter_misc":{"Escrito por":"Maria Olivares","Tiempo de lectura":"2 minutos"},"schema":{"@context":"https:\/\/schema.org","@graph":[{"@type":"Article","@id":"https:\/\/www.nebrijamallorca.com\/blog\/2026\/07\/08\/acuerdo-practicas-nebrija-mutua-universal\/#article","isPartOf":{"@id":"https:\/\/www.nebrijamallorca.com\/blog\/2026\/07\/08\/acuerdo-practicas-nebrija-mutua-universal\/"},"author":{"name":"Maria Olivares","@id":"https:\/\/www.nebrijamallorca.com\/blog\/#\/schema\/person\/9ace66970ac827179a4945f143c39498"},"headline":"Nuevo acuerdo con Mutua Universal para la pr\u00e1cticas acad\u00e9micas de los alumnos","datePublished":"2026-07-08T10:35:49+00:00","dateModified":"2026-07-08T10:40:19+00:00","mainEntityOfPage":{"@id":"https:\/\/www.nebrijamallorca.com\/blog\/2026\/07\/08\/acuerdo-practicas-nebrija-mutua-universal\/"},"wordCount":326,"publisher":{"@id":"https:\/\/www.nebrijamallorca.com\/blog\/#organization"},"image":{"@id":"https:\/\/www.nebrijamallorca.com\/blog\/2026\/07\/08\/acuerdo-practicas-nebrija-mutua-universal\/#primaryimage"},"thumbnailUrl":"https:\/\/www.nebrijamallorca.com\/blog\/wp-content\/uploads\/2026\/07\/CUINMA-y-Mutua-Universal-1.jpg","articleSection":["Acuerdos de colaboraci\u00f3n","Enfermer\u00eda Mallorca","Estudiar enfermer\u00eda en Mallorca","Nebrija Mallorca"],"inLanguage":"es"},{"@type":"WebPage","@id":"https:\/\/www.nebrijamallorca.com\/blog\/2026\/07\/08\/acuerdo-practicas-nebrija-mutua-universal\/","url":"https:\/\/www.nebrijamallorca.com\/blog\/2026\/07\/08\/acuerdo-practicas-nebrija-mutua-universal\/","name":"Nuevo acuerdo para las pr\u00e1cticas: Nebrija y Mutua Universal","isPartOf":{"@id":"https:\/\/www.nebrijamallorca.com\/blog\/#website"},"primaryImageOfPage":{"@id":"https:\/\/www.nebrijamallorca.com\/blog\/2026\/07\/08\/acuerdo-practicas-nebrija-mutua-universal\/#primaryimage"},"image":{"@id":"https:\/\/www.nebrijamallorca.com\/blog\/2026\/07\/08\/acuerdo-practicas-nebrija-mutua-universal\/#primaryimage"},"thumbnailUrl":"https:\/\/www.nebrijamallorca.com\/blog\/wp-content\/uploads\/2026\/07\/CUINMA-y-Mutua-Universal-1.jpg","datePublished":"2026-07-08T10:35:49+00:00","dateModified":"2026-07-08T10:40:19+00:00","description":"Nuevo convenio de cooperaci\u00f3n educativa con Mutua Universal para impulsar las pr\u00e1cticas en Nebrija Mallorca y la empleabilidad de los alumnos.","breadcrumb":{"@id":"https:\/\/www.nebrijamallorca.com\/blog\/2026\/07\/08\/acuerdo-practicas-nebrija-mutua-universal\/#breadcrumb"},"inLanguage":"es","potentialAction":[{"@type":"ReadAction","target":["https:\/\/www.nebrijamallorca.com\/blog\/2026\/07\/08\/acuerdo-practicas-nebrija-mutua-universal\/"]}]},{"@type":"ImageObject","inLanguage":"es","@id":"https:\/\/www.nebrijamallorca.com\/blog\/2026\/07\/08\/acuerdo-practicas-nebrija-mutua-universal\/#primaryimage","url":"https:\/\/www.nebrijamallorca.com\/blog\/wp-content\/uploads\/2026\/07\/CUINMA-y-Mutua-Universal-1.jpg","contentUrl":"https:\/\/www.nebrijamallorca.com\/blog\/wp-content\/uploads\/2026\/07\/CUINMA-y-Mutua-Universal-1.jpg","width":1530,"height":1204},{"@type":"BreadcrumbList","@id":"https:\/\/www.nebrijamallorca.com\/blog\/2026\/07\/08\/acuerdo-practicas-nebrija-mutua-universal\/#breadcrumb","itemListElement":[{"@type":"ListItem","position":1,"name":"Portada","item":"https:\/\/www.nebrijamallorca.com\/blog\/"},{"@type":"ListItem","position":2,"name":"Nuevo acuerdo con Mutua Universal para la pr\u00e1cticas acad\u00e9micas de los alumnos"}]},{"@type":"WebSite","@id":"https:\/\/www.nebrijamallorca.com\/blog\/#website","url":"https:\/\/www.nebrijamallorca.com\/blog\/","name":"blog","description":"","publisher":{"@id":"https:\/\/www.nebrijamallorca.com\/blog\/#organization"},"potentialAction":[{"@type":"SearchAction","target":{"@type":"EntryPoint","urlTemplate":"https:\/\/www.nebrijamallorca.com\/blog\/?s={search_term_string}"},"query-input":{"@type":"PropertyValueSpecification","valueRequired":true,"valueName":"search_term_string"}}],"inLanguage":"es"},{"@type":"Organization","@id":"https:\/\/www.nebrijamallorca.com\/blog\/#organization","name":"Centro Universitario Instituto Nebrija Mallorca","url":"https:\/\/www.nebrijamallorca.com\/blog\/","logo":{"@type":"ImageObject","inLanguage":"es","@id":"https:\/\/www.nebrijamallorca.com\/blog\/#\/schema\/logo\/image\/","url":"https:\/\/www.nebrijamallorca.com\/blog\/wp-content\/uploads\/2026\/05\/logo-CUINM.svg","contentUrl":"https:\/\/www.nebrijamallorca.com\/blog\/wp-content\/uploads\/2026\/05\/logo-CUINM.svg","width":974,"height":221,"caption":"Centro Universitario Instituto Nebrija Mallorca"},"image":{"@id":"https:\/\/www.nebrijamallorca.com\/blog\/#\/schema\/logo\/image\/"},"sameAs":["https:\/\/www.instagram.com\/cuinebrija_mallorca\/","https:\/\/www.linkedin.com\/company\/centro-universitario-instituto-nebrija-mallorca\/"]},{"@type":"Person","@id":"https:\/\/www.nebrijamallorca.com\/blog\/#\/schema\/person\/9ace66970ac827179a4945f143c39498","name":"Maria Olivares","image":{"@type":"ImageObject","inLanguage":"es","@id":"https:\/\/secure.gravatar.com\/avatar\/077374ce6cf5a3ce8c7ab4ba4733f03fbf0a9341688ee68f2fa8c68bbac82a3b?s=96&d=mm&r=g","url":"https:\/\/secure.gravatar.com\/avatar\/077374ce6cf5a3ce8c7ab4ba4733f03fbf0a9341688ee68f2fa8c68bbac82a3b?s=96&d=mm&r=g","contentUrl":"https:\/\/secure.gravatar.com\/avatar\/077374ce6cf5a3ce8c7ab4ba4733f03fbf0a9341688ee68f2fa8c68bbac82a3b?s=96&d=mm&r=g","caption":"Maria Olivares"},"sameAs":["https:\/\/www.linkedin.com\/in\/mariaolivarescomunicacion\/"],"url":"https:\/\/www.nebrijamallorca.com\/blog\/author\/maria-olivares\/"}]}},"_links":{"self":[{"href":"https:\/\/www.nebrijamallorca.com\/blog\/wp-json\/wp\/v2\/posts\/198","targetHints":{"allow":["GET"]}}],"collection":[{"href":"https:\/\/www.nebrijamallorca.com\/blog\/wp-json\/wp\/v2\/posts"}],"about":[{"href":"https:\/\/www.nebrijamallorca.com\/blog\/wp-json\/wp\/v2\/types\/post"}],"author":[{"embeddable":true,"href":"https:\/\/www.nebrijamallorca.com\/blog\/wp-json\/wp\/v2\/users\/3"}],"replies":[{"embeddable":true,"href":"https:\/\/www.nebrijamallorca.com\/blog\/wp-json\/wp\/v2\/comments?post=198"}],"version-history":[{"count":5,"href":"https:\/\/www.nebrijamallorca.com\/blog\/wp-json\/wp\/v2\/posts\/198\/revisions"}],"predecessor-version":[{"id":204,"href":"https:\/\/www.nebrijamallorca.com\/blog\/wp-json\/wp\/v2\/posts\/198\/revisions\/204"}],"wp:featuredmedia":[{"embeddable":true,"href":"https:\/\/www.nebrijamallorca.com\/blog\/wp-json\/wp\/v2\/media\/199"}],"wp:attachment":[{"href":"https:\/\/www.nebrijamallorca.com\/blog\/wp-json\/wp\/v2\/media?parent=198"}],"wp:term":[{"taxonomy":"category","embeddable":true,"href":"https:\/\/www.nebrijamallorca.com\/blog\/wp-json\/wp\/v2\/categories?post=198"},{"taxonomy":"post_tag","embeddable":true,"href":"https:\/\/www.nebrijamallorca.com\/blog\/wp-json\/wp\/v2\/tags?post=198"}],"curies":[{"name":"wp","href":"https:\/\/api.w.org\/{rel}","templated":true}]}}