{"id":206,"date":"2026-07-08T13:46:01","date_gmt":"2026-07-08T11:46:01","guid":{"rendered":"https:\/\/www.nebrijamallorca.com\/blog\/?p=206"},"modified":"2026-07-08T13:47:13","modified_gmt":"2026-07-08T11:47:13","slug":"instituto-nebrija-mallorca-gala-ceceib-2026","status":"publish","type":"post","link":"https:\/\/www.nebrijamallorca.com\/blog\/2026\/07\/08\/instituto-nebrija-mallorca-gala-ceceib-2026\/","title":{"rendered":"El C.U Nebrija Mallorca asiste a la II Gala de l\u2019Ensenyament de la CECEIB"},"content":{"rendered":"\n<p class=\"wp-block-paragraph\">El pasado 7 de julio, Palma se visti\u00f3 de gala para acoger uno de los eventos m\u00e1s significativos del sector educativo en nuestra comunidad. <\/p>\n\n\n\n<p class=\"wp-block-paragraph\">Jes\u00fas Guodemar, director de Desarrollo y Proyectos Universitarios de Institutos Nebrija, asisti\u00f3 en representaci\u00f3n del <a href=\"https:\/\/www.nebrijamallorca.com\/\">Centro Universitario Instituto Nebrija Mallorca<\/a> a la II Gala de l\u2019Ensenyament, una cita clave organizada por la <a href=\"https:\/\/ceceib.es\/\">Confederaci\u00f3n de Centros de Ense\u00f1anza de las Islas Baleares (CECEIB)<\/a> en el hotel GPRO Valpara\u00edso Palace &amp; Spa.<\/p>\n\n\n\n<p class=\"wp-block-paragraph\">El encuentro, que reuni\u00f3 a numerosos profesionales del sector y representantes de los centros asociados, se consolid\u00f3 como un espacio id\u00f3neo para el reencuentro, el intercambio de experiencias y la puesta en valor de la labor docente en las islas.<\/p>\n\n\n\n<h4 class=\"wp-block-heading\">Apoyo institucional y comunidad educativa<\/h4>\n\n\n\n<p class=\"wp-block-paragraph\">La velada destac\u00f3 por un fuerte respaldo de las autoridades pol\u00edticas y educativas, contando con la participaci\u00f3n del Conseller d\u2019Educaci\u00f3 i Universitats, el Sr. Antoni Vera, el Secretario Auton\u00f3mico, el Sr. Mateu Su\u00f1er, y la Directora General de Planificaci\u00f3n y Centros de la Conseller\u00eda.<\/p>\n\n\n\n<p class=\"wp-block-paragraph\">Durante la cita, el presidente de la patronal, Ventura Blach Amengual, ofreci\u00f3 unas emotivas palabras en las que ensalz\u00f3 el profundo valor humano que define al sector educativo. <\/p>\n\n\n\n<p class=\"wp-block-paragraph\">Para el <a href=\"https:\/\/www.nebrijamallorca.com\/\">Centro Universitario Instituto Nebrija Mallorca<\/a>, la presencia de Jes\u00fas Guodemar en eventos de este calibre refuerza nuestro compromiso activo con la excelencia educativa y la colaboraci\u00f3n con los distintos agentes del sector en Baleares.<\/p>\n\n\n\n<p class=\"wp-block-paragraph\">La clausura del acto, a cargo del Conseller de Educaci\u00f3n, enfatiz\u00f3 la importancia de seguir construyendo de forma conjunta el futuro de la ense\u00f1anza, un reto en el que nuestra instituci\u00f3n acad\u00e9mica contin\u00faa aportando valor y formando a los profesionales del ma\u00f1ana.<\/p>\n","protected":false},"excerpt":{"rendered":"<p>El pasado 7 de julio, Palma se visti\u00f3 de gala para acoger uno de los eventos m\u00e1s significativos del sector educativo en nuestra comunidad. Jes\u00fas Guodemar, director de Desarrollo y Proyectos Universitarios de Institutos Nebrija, asisti\u00f3 en representaci\u00f3n del Centro Universitario Instituto Nebrija Mallorca a la II Gala de l\u2019Ensenyament, una cita clave organizada por [&hellip;]<\/p>\n","protected":false},"author":3,"featured_media":207,"comment_status":"closed","ping_status":"closed","sticky":false,"template":"","format":"standard","meta":{"footnotes":""},"categories":[12,11],"tags":[],"class_list":["post-206","post","type-post","status-publish","format-standard","has-post-thumbnail","hentry","category-acuerdos-de-colaboracion","category-nebrija-mallorca"],"yoast_head":"<!-- This site is optimized with the Yoast SEO plugin v27.7 - https:\/\/yoast.com\/product\/yoast-seo-wordpress\/ -->\n<title>El C.U Nebrija Mallorca asiste a la II Gala de la CECEIB<\/title>\n<meta name=\"description\" content=\"Jes\u00fas Guodemar asiste en representaci\u00f3n del C.U Instituto Nebrija Mallorca a la II Gala de l\u2019 Ensenyament de la CECEIB en Palma.\" \/>\n<meta name=\"robots\" content=\"index, follow, max-snippet:-1, max-image-preview:large, max-video-preview:-1\" \/>\n<link rel=\"canonical\" href=\"https:\/\/www.nebrijamallorca.com\/blog\/2026\/07\/08\/instituto-nebrija-mallorca-gala-ceceib-2026\/\" \/>\n<meta property=\"og:locale\" content=\"es_ES\" \/>\n<meta property=\"og:type\" content=\"article\" \/>\n<meta property=\"og:title\" content=\"El C.U Nebrija Mallorca asiste a la II Gala de la CECEIB\" \/>\n<meta property=\"og:description\" content=\"Jes\u00fas Guodemar asiste en representaci\u00f3n del C.U Instituto Nebrija Mallorca a la II Gala de l\u2019 Ensenyament de la CECEIB en Palma.\" \/>\n<meta property=\"og:url\" content=\"https:\/\/www.nebrijamallorca.com\/blog\/2026\/07\/08\/instituto-nebrija-mallorca-gala-ceceib-2026\/\" \/>\n<meta property=\"og:site_name\" content=\"Actualidad Nebrija Mallorca\" \/>\n<meta property=\"article:published_time\" content=\"2026-07-08T11:46:01+00:00\" \/>\n<meta property=\"article:modified_time\" content=\"2026-07-08T11:47:13+00:00\" \/>\n<meta property=\"og:image\" content=\"https:\/\/www.nebrijamallorca.com\/blog\/wp-content\/uploads\/2026\/07\/WhatsApp-Image-2026-07-08-at-11.48.00.jpeg\" \/>\n\t<meta property=\"og:image:width\" content=\"980\" \/>\n\t<meta property=\"og:image:height\" content=\"735\" \/>\n\t<meta property=\"og:image:type\" content=\"image\/jpeg\" \/>\n<meta name=\"author\" content=\"Maria Olivares\" \/>\n<meta name=\"twitter:card\" content=\"summary_large_image\" \/>\n<meta name=\"twitter:label1\" content=\"Escrito por\" \/>\n\t<meta name=\"twitter:data1\" content=\"Maria Olivares\" \/>\n\t<meta name=\"twitter:label2\" content=\"Tiempo de lectura\" \/>\n\t<meta name=\"twitter:data2\" content=\"2 minutos\" \/>\n<script type=\"application\/ld+json\" class=\"yoast-schema-graph\">{\"@context\":\"https:\\\/\\\/schema.org\",\"@graph\":[{\"@type\":\"Article\",\"@id\":\"https:\\\/\\\/www.nebrijamallorca.com\\\/blog\\\/2026\\\/07\\\/08\\\/instituto-nebrija-mallorca-gala-ceceib-2026\\\/#article\",\"isPartOf\":{\"@id\":\"https:\\\/\\\/www.nebrijamallorca.com\\\/blog\\\/2026\\\/07\\\/08\\\/instituto-nebrija-mallorca-gala-ceceib-2026\\\/\"},\"author\":{\"name\":\"Maria Olivares\",\"@id\":\"https:\\\/\\\/www.nebrijamallorca.com\\\/blog\\\/#\\\/schema\\\/person\\\/9ace66970ac827179a4945f143c39498\"},\"headline\":\"El C.U Nebrija Mallorca asiste a la II Gala de l\u2019Ensenyament de la CECEIB\",\"datePublished\":\"2026-07-08T11:46:01+00:00\",\"dateModified\":\"2026-07-08T11:47:13+00:00\",\"mainEntityOfPage\":{\"@id\":\"https:\\\/\\\/www.nebrijamallorca.com\\\/blog\\\/2026\\\/07\\\/08\\\/instituto-nebrija-mallorca-gala-ceceib-2026\\\/\"},\"wordCount\":307,\"publisher\":{\"@id\":\"https:\\\/\\\/www.nebrijamallorca.com\\\/blog\\\/#organization\"},\"image\":{\"@id\":\"https:\\\/\\\/www.nebrijamallorca.com\\\/blog\\\/2026\\\/07\\\/08\\\/instituto-nebrija-mallorca-gala-ceceib-2026\\\/#primaryimage\"},\"thumbnailUrl\":\"https:\\\/\\\/www.nebrijamallorca.com\\\/blog\\\/wp-content\\\/uploads\\\/2026\\\/07\\\/WhatsApp-Image-2026-07-08-at-11.48.00.jpeg\",\"articleSection\":[\"Acuerdos de colaboraci\u00f3n\",\"Nebrija Mallorca\"],\"inLanguage\":\"es\"},{\"@type\":\"WebPage\",\"@id\":\"https:\\\/\\\/www.nebrijamallorca.com\\\/blog\\\/2026\\\/07\\\/08\\\/instituto-nebrija-mallorca-gala-ceceib-2026\\\/\",\"url\":\"https:\\\/\\\/www.nebrijamallorca.com\\\/blog\\\/2026\\\/07\\\/08\\\/instituto-nebrija-mallorca-gala-ceceib-2026\\\/\",\"name\":\"El C.U Nebrija Mallorca asiste a la II Gala de la CECEIB\",\"isPartOf\":{\"@id\":\"https:\\\/\\\/www.nebrijamallorca.com\\\/blog\\\/#website\"},\"primaryImageOfPage\":{\"@id\":\"https:\\\/\\\/www.nebrijamallorca.com\\\/blog\\\/2026\\\/07\\\/08\\\/instituto-nebrija-mallorca-gala-ceceib-2026\\\/#primaryimage\"},\"image\":{\"@id\":\"https:\\\/\\\/www.nebrijamallorca.com\\\/blog\\\/2026\\\/07\\\/08\\\/instituto-nebrija-mallorca-gala-ceceib-2026\\\/#primaryimage\"},\"thumbnailUrl\":\"https:\\\/\\\/www.nebrijamallorca.com\\\/blog\\\/wp-content\\\/uploads\\\/2026\\\/07\\\/WhatsApp-Image-2026-07-08-at-11.48.00.jpeg\",\"datePublished\":\"2026-07-08T11:46:01+00:00\",\"dateModified\":\"2026-07-08T11:47:13+00:00\",\"description\":\"Jes\u00fas Guodemar asiste en representaci\u00f3n del C.U Instituto Nebrija Mallorca a la II Gala de l\u2019 Ensenyament de la CECEIB en Palma.\",\"breadcrumb\":{\"@id\":\"https:\\\/\\\/www.nebrijamallorca.com\\\/blog\\\/2026\\\/07\\\/08\\\/instituto-nebrija-mallorca-gala-ceceib-2026\\\/#breadcrumb\"},\"inLanguage\":\"es\",\"potentialAction\":[{\"@type\":\"ReadAction\",\"target\":[\"https:\\\/\\\/www.nebrijamallorca.com\\\/blog\\\/2026\\\/07\\\/08\\\/instituto-nebrija-mallorca-gala-ceceib-2026\\\/\"]}]},{\"@type\":\"ImageObject\",\"inLanguage\":\"es\",\"@id\":\"https:\\\/\\\/www.nebrijamallorca.com\\\/blog\\\/2026\\\/07\\\/08\\\/instituto-nebrija-mallorca-gala-ceceib-2026\\\/#primaryimage\",\"url\":\"https:\\\/\\\/www.nebrijamallorca.com\\\/blog\\\/wp-content\\\/uploads\\\/2026\\\/07\\\/WhatsApp-Image-2026-07-08-at-11.48.00.jpeg\",\"contentUrl\":\"https:\\\/\\\/www.nebrijamallorca.com\\\/blog\\\/wp-content\\\/uploads\\\/2026\\\/07\\\/WhatsApp-Image-2026-07-08-at-11.48.00.jpeg\",\"width\":980,\"height\":735},{\"@type\":\"BreadcrumbList\",\"@id\":\"https:\\\/\\\/www.nebrijamallorca.com\\\/blog\\\/2026\\\/07\\\/08\\\/instituto-nebrija-mallorca-gala-ceceib-2026\\\/#breadcrumb\",\"itemListElement\":[{\"@type\":\"ListItem\",\"position\":1,\"name\":\"Portada\",\"item\":\"https:\\\/\\\/www.nebrijamallorca.com\\\/blog\\\/\"},{\"@type\":\"ListItem\",\"position\":2,\"name\":\"El C.U Nebrija Mallorca asiste a la II Gala de l\u2019Ensenyament de la CECEIB\"}]},{\"@type\":\"WebSite\",\"@id\":\"https:\\\/\\\/www.nebrijamallorca.com\\\/blog\\\/#website\",\"url\":\"https:\\\/\\\/www.nebrijamallorca.com\\\/blog\\\/\",\"name\":\"blog\",\"description\":\"\",\"publisher\":{\"@id\":\"https:\\\/\\\/www.nebrijamallorca.com\\\/blog\\\/#organization\"},\"potentialAction\":[{\"@type\":\"SearchAction\",\"target\":{\"@type\":\"EntryPoint\",\"urlTemplate\":\"https:\\\/\\\/www.nebrijamallorca.com\\\/blog\\\/?s={search_term_string}\"},\"query-input\":{\"@type\":\"PropertyValueSpecification\",\"valueRequired\":true,\"valueName\":\"search_term_string\"}}],\"inLanguage\":\"es\"},{\"@type\":\"Organization\",\"@id\":\"https:\\\/\\\/www.nebrijamallorca.com\\\/blog\\\/#organization\",\"name\":\"Centro Universitario Instituto Nebrija Mallorca\",\"url\":\"https:\\\/\\\/www.nebrijamallorca.com\\\/blog\\\/\",\"logo\":{\"@type\":\"ImageObject\",\"inLanguage\":\"es\",\"@id\":\"https:\\\/\\\/www.nebrijamallorca.com\\\/blog\\\/#\\\/schema\\\/logo\\\/image\\\/\",\"url\":\"https:\\\/\\\/www.nebrijamallorca.com\\\/blog\\\/wp-content\\\/uploads\\\/2026\\\/05\\\/logo-CUINM.svg\",\"contentUrl\":\"https:\\\/\\\/www.nebrijamallorca.com\\\/blog\\\/wp-content\\\/uploads\\\/2026\\\/05\\\/logo-CUINM.svg\",\"width\":974,\"height\":221,\"caption\":\"Centro Universitario Instituto Nebrija Mallorca\"},\"image\":{\"@id\":\"https:\\\/\\\/www.nebrijamallorca.com\\\/blog\\\/#\\\/schema\\\/logo\\\/image\\\/\"},\"sameAs\":[\"https:\\\/\\\/www.instagram.com\\\/cuinebrija_mallorca\\\/\",\"https:\\\/\\\/www.linkedin.com\\\/company\\\/centro-universitario-instituto-nebrija-mallorca\\\/\"]},{\"@type\":\"Person\",\"@id\":\"https:\\\/\\\/www.nebrijamallorca.com\\\/blog\\\/#\\\/schema\\\/person\\\/9ace66970ac827179a4945f143c39498\",\"name\":\"Maria Olivares\",\"image\":{\"@type\":\"ImageObject\",\"inLanguage\":\"es\",\"@id\":\"https:\\\/\\\/secure.gravatar.com\\\/avatar\\\/077374ce6cf5a3ce8c7ab4ba4733f03fbf0a9341688ee68f2fa8c68bbac82a3b?s=96&d=mm&r=g\",\"url\":\"https:\\\/\\\/secure.gravatar.com\\\/avatar\\\/077374ce6cf5a3ce8c7ab4ba4733f03fbf0a9341688ee68f2fa8c68bbac82a3b?s=96&d=mm&r=g\",\"contentUrl\":\"https:\\\/\\\/secure.gravatar.com\\\/avatar\\\/077374ce6cf5a3ce8c7ab4ba4733f03fbf0a9341688ee68f2fa8c68bbac82a3b?s=96&d=mm&r=g\",\"caption\":\"Maria Olivares\"},\"sameAs\":[\"https:\\\/\\\/www.linkedin.com\\\/in\\\/mariaolivarescomunicacion\\\/\"],\"url\":\"https:\\\/\\\/www.nebrijamallorca.com\\\/blog\\\/author\\\/maria-olivares\\\/\"}]}<\/script>\n<!-- \/ Yoast SEO plugin. -->","yoast_head_json":{"title":"El C.U Nebrija Mallorca asiste a la II Gala de la CECEIB","description":"Jes\u00fas Guodemar asiste en representaci\u00f3n del C.U Instituto Nebrija Mallorca a la II Gala de l\u2019 Ensenyament de la CECEIB en Palma.","robots":{"index":"index","follow":"follow","max-snippet":"max-snippet:-1","max-image-preview":"max-image-preview:large","max-video-preview":"max-video-preview:-1"},"canonical":"https:\/\/www.nebrijamallorca.com\/blog\/2026\/07\/08\/instituto-nebrija-mallorca-gala-ceceib-2026\/","og_locale":"es_ES","og_type":"article","og_title":"El C.U Nebrija Mallorca asiste a la II Gala de la CECEIB","og_description":"Jes\u00fas Guodemar asiste en representaci\u00f3n del C.U Instituto Nebrija Mallorca a la II Gala de l\u2019 Ensenyament de la CECEIB en Palma.","og_url":"https:\/\/www.nebrijamallorca.com\/blog\/2026\/07\/08\/instituto-nebrija-mallorca-gala-ceceib-2026\/","og_site_name":"Actualidad Nebrija Mallorca","article_published_time":"2026-07-08T11:46:01+00:00","article_modified_time":"2026-07-08T11:47:13+00:00","og_image":[{"width":980,"height":735,"url":"https:\/\/www.nebrijamallorca.com\/blog\/wp-content\/uploads\/2026\/07\/WhatsApp-Image-2026-07-08-at-11.48.00.jpeg","type":"image\/jpeg"}],"author":"Maria Olivares","twitter_card":"summary_large_image","twitter_misc":{"Escrito por":"Maria Olivares","Tiempo de lectura":"2 minutos"},"schema":{"@context":"https:\/\/schema.org","@graph":[{"@type":"Article","@id":"https:\/\/www.nebrijamallorca.com\/blog\/2026\/07\/08\/instituto-nebrija-mallorca-gala-ceceib-2026\/#article","isPartOf":{"@id":"https:\/\/www.nebrijamallorca.com\/blog\/2026\/07\/08\/instituto-nebrija-mallorca-gala-ceceib-2026\/"},"author":{"name":"Maria Olivares","@id":"https:\/\/www.nebrijamallorca.com\/blog\/#\/schema\/person\/9ace66970ac827179a4945f143c39498"},"headline":"El C.U Nebrija Mallorca asiste a la II Gala de l\u2019Ensenyament de la CECEIB","datePublished":"2026-07-08T11:46:01+00:00","dateModified":"2026-07-08T11:47:13+00:00","mainEntityOfPage":{"@id":"https:\/\/www.nebrijamallorca.com\/blog\/2026\/07\/08\/instituto-nebrija-mallorca-gala-ceceib-2026\/"},"wordCount":307,"publisher":{"@id":"https:\/\/www.nebrijamallorca.com\/blog\/#organization"},"image":{"@id":"https:\/\/www.nebrijamallorca.com\/blog\/2026\/07\/08\/instituto-nebrija-mallorca-gala-ceceib-2026\/#primaryimage"},"thumbnailUrl":"https:\/\/www.nebrijamallorca.com\/blog\/wp-content\/uploads\/2026\/07\/WhatsApp-Image-2026-07-08-at-11.48.00.jpeg","articleSection":["Acuerdos de colaboraci\u00f3n","Nebrija Mallorca"],"inLanguage":"es"},{"@type":"WebPage","@id":"https:\/\/www.nebrijamallorca.com\/blog\/2026\/07\/08\/instituto-nebrija-mallorca-gala-ceceib-2026\/","url":"https:\/\/www.nebrijamallorca.com\/blog\/2026\/07\/08\/instituto-nebrija-mallorca-gala-ceceib-2026\/","name":"El C.U Nebrija Mallorca asiste a la II Gala de la CECEIB","isPartOf":{"@id":"https:\/\/www.nebrijamallorca.com\/blog\/#website"},"primaryImageOfPage":{"@id":"https:\/\/www.nebrijamallorca.com\/blog\/2026\/07\/08\/instituto-nebrija-mallorca-gala-ceceib-2026\/#primaryimage"},"image":{"@id":"https:\/\/www.nebrijamallorca.com\/blog\/2026\/07\/08\/instituto-nebrija-mallorca-gala-ceceib-2026\/#primaryimage"},"thumbnailUrl":"https:\/\/www.nebrijamallorca.com\/blog\/wp-content\/uploads\/2026\/07\/WhatsApp-Image-2026-07-08-at-11.48.00.jpeg","datePublished":"2026-07-08T11:46:01+00:00","dateModified":"2026-07-08T11:47:13+00:00","description":"Jes\u00fas Guodemar asiste en representaci\u00f3n del C.U Instituto Nebrija Mallorca a la II Gala de l\u2019 Ensenyament de la CECEIB en Palma.","breadcrumb":{"@id":"https:\/\/www.nebrijamallorca.com\/blog\/2026\/07\/08\/instituto-nebrija-mallorca-gala-ceceib-2026\/#breadcrumb"},"inLanguage":"es","potentialAction":[{"@type":"ReadAction","target":["https:\/\/www.nebrijamallorca.com\/blog\/2026\/07\/08\/instituto-nebrija-mallorca-gala-ceceib-2026\/"]}]},{"@type":"ImageObject","inLanguage":"es","@id":"https:\/\/www.nebrijamallorca.com\/blog\/2026\/07\/08\/instituto-nebrija-mallorca-gala-ceceib-2026\/#primaryimage","url":"https:\/\/www.nebrijamallorca.com\/blog\/wp-content\/uploads\/2026\/07\/WhatsApp-Image-2026-07-08-at-11.48.00.jpeg","contentUrl":"https:\/\/www.nebrijamallorca.com\/blog\/wp-content\/uploads\/2026\/07\/WhatsApp-Image-2026-07-08-at-11.48.00.jpeg","width":980,"height":735},{"@type":"BreadcrumbList","@id":"https:\/\/www.nebrijamallorca.com\/blog\/2026\/07\/08\/instituto-nebrija-mallorca-gala-ceceib-2026\/#breadcrumb","itemListElement":[{"@type":"ListItem","position":1,"name":"Portada","item":"https:\/\/www.nebrijamallorca.com\/blog\/"},{"@type":"ListItem","position":2,"name":"El C.U Nebrija Mallorca asiste a la II Gala de l\u2019Ensenyament de la CECEIB"}]},{"@type":"WebSite","@id":"https:\/\/www.nebrijamallorca.com\/blog\/#website","url":"https:\/\/www.nebrijamallorca.com\/blog\/","name":"blog","description":"","publisher":{"@id":"https:\/\/www.nebrijamallorca.com\/blog\/#organization"},"potentialAction":[{"@type":"SearchAction","target":{"@type":"EntryPoint","urlTemplate":"https:\/\/www.nebrijamallorca.com\/blog\/?s={search_term_string}"},"query-input":{"@type":"PropertyValueSpecification","valueRequired":true,"valueName":"search_term_string"}}],"inLanguage":"es"},{"@type":"Organization","@id":"https:\/\/www.nebrijamallorca.com\/blog\/#organization","name":"Centro Universitario Instituto Nebrija Mallorca","url":"https:\/\/www.nebrijamallorca.com\/blog\/","logo":{"@type":"ImageObject","inLanguage":"es","@id":"https:\/\/www.nebrijamallorca.com\/blog\/#\/schema\/logo\/image\/","url":"https:\/\/www.nebrijamallorca.com\/blog\/wp-content\/uploads\/2026\/05\/logo-CUINM.svg","contentUrl":"https:\/\/www.nebrijamallorca.com\/blog\/wp-content\/uploads\/2026\/05\/logo-CUINM.svg","width":974,"height":221,"caption":"Centro Universitario Instituto Nebrija Mallorca"},"image":{"@id":"https:\/\/www.nebrijamallorca.com\/blog\/#\/schema\/logo\/image\/"},"sameAs":["https:\/\/www.instagram.com\/cuinebrija_mallorca\/","https:\/\/www.linkedin.com\/company\/centro-universitario-instituto-nebrija-mallorca\/"]},{"@type":"Person","@id":"https:\/\/www.nebrijamallorca.com\/blog\/#\/schema\/person\/9ace66970ac827179a4945f143c39498","name":"Maria Olivares","image":{"@type":"ImageObject","inLanguage":"es","@id":"https:\/\/secure.gravatar.com\/avatar\/077374ce6cf5a3ce8c7ab4ba4733f03fbf0a9341688ee68f2fa8c68bbac82a3b?s=96&d=mm&r=g","url":"https:\/\/secure.gravatar.com\/avatar\/077374ce6cf5a3ce8c7ab4ba4733f03fbf0a9341688ee68f2fa8c68bbac82a3b?s=96&d=mm&r=g","contentUrl":"https:\/\/secure.gravatar.com\/avatar\/077374ce6cf5a3ce8c7ab4ba4733f03fbf0a9341688ee68f2fa8c68bbac82a3b?s=96&d=mm&r=g","caption":"Maria Olivares"},"sameAs":["https:\/\/www.linkedin.com\/in\/mariaolivarescomunicacion\/"],"url":"https:\/\/www.nebrijamallorca.com\/blog\/author\/maria-olivares\/"}]}},"_links":{"self":[{"href":"https:\/\/www.nebrijamallorca.com\/blog\/wp-json\/wp\/v2\/posts\/206","targetHints":{"allow":["GET"]}}],"collection":[{"href":"https:\/\/www.nebrijamallorca.com\/blog\/wp-json\/wp\/v2\/posts"}],"about":[{"href":"https:\/\/www.nebrijamallorca.com\/blog\/wp-json\/wp\/v2\/types\/post"}],"author":[{"embeddable":true,"href":"https:\/\/www.nebrijamallorca.com\/blog\/wp-json\/wp\/v2\/users\/3"}],"replies":[{"embeddable":true,"href":"https:\/\/www.nebrijamallorca.com\/blog\/wp-json\/wp\/v2\/comments?post=206"}],"version-history":[{"count":1,"href":"https:\/\/www.nebrijamallorca.com\/blog\/wp-json\/wp\/v2\/posts\/206\/revisions"}],"predecessor-version":[{"id":208,"href":"https:\/\/www.nebrijamallorca.com\/blog\/wp-json\/wp\/v2\/posts\/206\/revisions\/208"}],"wp:featuredmedia":[{"embeddable":true,"href":"https:\/\/www.nebrijamallorca.com\/blog\/wp-json\/wp\/v2\/media\/207"}],"wp:attachment":[{"href":"https:\/\/www.nebrijamallorca.com\/blog\/wp-json\/wp\/v2\/media?parent=206"}],"wp:term":[{"taxonomy":"category","embeddable":true,"href":"https:\/\/www.nebrijamallorca.com\/blog\/wp-json\/wp\/v2\/categories?post=206"},{"taxonomy":"post_tag","embeddable":true,"href":"https:\/\/www.nebrijamallorca.com\/blog\/wp-json\/wp\/v2\/tags?post=206"}],"curies":[{"name":"wp","href":"https:\/\/api.w.org\/{rel}","templated":true}]}}