{"id":212,"date":"2026-07-14T18:07:42","date_gmt":"2026-07-14T16:07:42","guid":{"rendered":"https:\/\/www.nebrijamallorca.com\/blog\/?p=212"},"modified":"2026-07-22T11:47:06","modified_gmt":"2026-07-22T09:47:06","slug":"blog-sesion-informativa-grado-enfermeria-nebrija-mallorca","status":"publish","type":"post","link":"https:\/\/www.nebrijamallorca.com\/blog\/2026\/07\/14\/blog-sesion-informativa-grado-enfermeria-nebrija-mallorca\/","title":{"rendered":"22 de Julio, pr\u00f3xima sesi\u00f3n informativa online para conocer todo sobre el Grado en Enfermer\u00eda de Nebrija Mallorca"},"content":{"rendered":"\n<p class=\"wp-block-paragraph\">Si est\u00e1s pensando en enfocar tu futuro profesional hacia el sector sanitario, te invitamos a nuestra <a href=\"https:\/\/meeting.zoho.eu\/meeting\/register?sessionId=1221085454\"><strong>sesi\u00f3n informativa online sobre el Grado en Enfermer\u00eda de Nebrija Mallorca<\/strong>.<\/a> En este encuentro virtual, resolveremos todas tus dudas y te daremos a conocer las claves de una profesi\u00f3n con un futuro brillante.<\/p>\n\n\n\n<h4 class=\"wp-block-heading\">Datos clave del evento:<\/h4>\n\n\n\n<ul class=\"wp-block-list\">\n<li><strong>Fecha:<\/strong> Mi\u00e9rcoles, 22 de julio de 2026<\/li>\n\n\n\n<li><strong>Hora:<\/strong> 06:30 p. m. CEST<\/li>\n\n\n\n<li><strong>Duraci\u00f3n total:<\/strong> 1 hora<\/li>\n<\/ul>\n\n\n\n<h4 class=\"wp-block-heading\">\u00bfQu\u00e9 contenidos trataremos en el seminario?<\/h4>\n\n\n\n<p class=\"wp-block-paragraph\">Hemos preparado una sesi\u00f3n din\u00e1mica y muy completa:<\/p>\n\n\n\n<ul class=\"wp-block-list\">\n<li>Bajo el tema &#8216;La nueva Enfermer\u00eda de Baleares: internacional, preparada y necesaria&#8217;, disfrutaremos de una ponencia especial a cargo de la <a href=\"https:\/\/www.linkedin.com\/in\/yolanda-cabello-ph-d-60a65a26\/\">Dra. Yolanda Cabello<\/a> (con una duraci\u00f3n estimada de 20 minutos) sobre el perfil actual de la profesi\u00f3n en las islas.<\/li>\n\n\n\n<li>Proceso de admisi\u00f3n paso a paso. Te explicaremos en detalle los plazos y admisi\u00f3n del grado, as\u00ed como las becas y ayudas a las que puedes optar para impulsar tu formaci\u00f3n.<\/li>\n\n\n\n<li>Cierre y resoluci\u00f3n de dudas. Finalizaremos con un turno abierto de preguntas y respuestas para que puedas consultar directamente todo lo que necesites saber.<\/li>\n<\/ul>\n\n\n\n<blockquote class=\"wp-block-quote is-layout-flow wp-block-quote-is-layout-flow\">\n<p class=\"wp-block-paragraph\">\u00a1No faltes! <\/p>\n\n\n\n<p class=\"has-text-align-center has-background-color has-secondary-background-color has-text-color has-background has-link-color has-large-font-size wp-elements-1 wp-block-paragraph\" style=\"border-style:none;border-width:0px\"><a href=\"https:\/\/meeting.zoho.eu\/meeting\/register?sessionId=1221085454\"><strong>Inscr\u00edbete aqu\u00ed<\/strong><\/a><\/p>\n<\/blockquote>\n","protected":false},"excerpt":{"rendered":"<p>Si est\u00e1s pensando en enfocar tu futuro profesional hacia el sector sanitario, te invitamos a nuestra sesi\u00f3n informativa online sobre el Grado en Enfermer\u00eda de Nebrija Mallorca. En este encuentro virtual, resolveremos todas tus dudas y te daremos a conocer las claves de una profesi\u00f3n con un futuro brillante. Datos clave del evento: \u00bfQu\u00e9 contenidos [&hellip;]<\/p>\n","protected":false},"author":3,"featured_media":141,"comment_status":"closed","ping_status":"closed","sticky":false,"template":"","format":"standard","meta":{"footnotes":""},"categories":[10,11],"tags":[15,14,16,13,28],"class_list":["post-212","post","type-post","status-publish","format-standard","has-post-thumbnail","hentry","category-enfermeria-mallorca","category-nebrija-mallorca","tag-enfermeria-nebrija","tag-mallorca-enfermeria","tag-manacor","tag-nebrija-mallorca","tag-sesion-informativa"],"yoast_head":"<!-- This site is optimized with the Yoast SEO plugin v27.7 - https:\/\/yoast.com\/product\/yoast-seo-wordpress\/ -->\n<title>22 Julio: sesi\u00f3n informativa | Grado en Enfermer\u00eda Nebrija Mallorca<\/title>\n<meta name=\"description\" content=\"Inf\u00f3rmate el 22 de julio sobre el Grado en Enfermer\u00eda de Nebrija Mallorca. Admisi\u00f3n, becas y ponencia de la Dra. Yolanda Cabello. Inscr\u00edbete\" \/>\n<meta name=\"robots\" content=\"index, follow, max-snippet:-1, max-image-preview:large, max-video-preview:-1\" \/>\n<link rel=\"canonical\" href=\"https:\/\/www.nebrijamallorca.com\/blog\/2026\/07\/14\/blog-sesion-informativa-grado-enfermeria-nebrija-mallorca\/\" \/>\n<meta property=\"og:locale\" content=\"es_ES\" \/>\n<meta property=\"og:type\" content=\"article\" \/>\n<meta property=\"og:title\" content=\"22 Julio: sesi\u00f3n informativa | Grado en Enfermer\u00eda Nebrija Mallorca\" \/>\n<meta property=\"og:description\" content=\"Inf\u00f3rmate el 22 de julio sobre el Grado en Enfermer\u00eda de Nebrija Mallorca. Admisi\u00f3n, becas y ponencia de la Dra. Yolanda Cabello. Inscr\u00edbete\" \/>\n<meta property=\"og:url\" content=\"https:\/\/www.nebrijamallorca.com\/blog\/2026\/07\/14\/blog-sesion-informativa-grado-enfermeria-nebrija-mallorca\/\" \/>\n<meta property=\"og:site_name\" content=\"Actualidad Nebrija Mallorca\" \/>\n<meta property=\"article:published_time\" content=\"2026-07-14T16:07:42+00:00\" \/>\n<meta property=\"article:modified_time\" content=\"2026-07-22T09:47:06+00:00\" \/>\n<meta property=\"og:image\" content=\"https:\/\/www.nebrijamallorca.com\/blog\/wp-content\/uploads\/2026\/06\/SI_Nebrija-Mallorca.jpeg\" \/>\n\t<meta property=\"og:image:width\" content=\"2048\" \/>\n\t<meta property=\"og:image:height\" content=\"1536\" \/>\n\t<meta property=\"og:image:type\" content=\"image\/jpeg\" \/>\n<meta name=\"author\" content=\"Maria Olivares\" \/>\n<meta name=\"twitter:card\" content=\"summary_large_image\" \/>\n<meta name=\"twitter:label1\" content=\"Escrito por\" \/>\n\t<meta name=\"twitter:data1\" content=\"Maria Olivares\" \/>\n\t<meta name=\"twitter:label2\" content=\"Tiempo de lectura\" \/>\n\t<meta name=\"twitter:data2\" content=\"2 minutos\" \/>\n<script type=\"application\/ld+json\" class=\"yoast-schema-graph\">{\"@context\":\"https:\\\/\\\/schema.org\",\"@graph\":[{\"@type\":\"Article\",\"@id\":\"https:\\\/\\\/www.nebrijamallorca.com\\\/blog\\\/2026\\\/07\\\/14\\\/blog-sesion-informativa-grado-enfermeria-nebrija-mallorca\\\/#article\",\"isPartOf\":{\"@id\":\"https:\\\/\\\/www.nebrijamallorca.com\\\/blog\\\/2026\\\/07\\\/14\\\/blog-sesion-informativa-grado-enfermeria-nebrija-mallorca\\\/\"},\"author\":{\"name\":\"Maria Olivares\",\"@id\":\"https:\\\/\\\/www.nebrijamallorca.com\\\/blog\\\/#\\\/schema\\\/person\\\/9ace66970ac827179a4945f143c39498\"},\"headline\":\"22 de Julio, pr\u00f3xima sesi\u00f3n informativa online para conocer todo sobre el Grado en Enfermer\u00eda de Nebrija Mallorca\",\"datePublished\":\"2026-07-14T16:07:42+00:00\",\"dateModified\":\"2026-07-22T09:47:06+00:00\",\"mainEntityOfPage\":{\"@id\":\"https:\\\/\\\/www.nebrijamallorca.com\\\/blog\\\/2026\\\/07\\\/14\\\/blog-sesion-informativa-grado-enfermeria-nebrija-mallorca\\\/\"},\"wordCount\":214,\"publisher\":{\"@id\":\"https:\\\/\\\/www.nebrijamallorca.com\\\/blog\\\/#organization\"},\"image\":{\"@id\":\"https:\\\/\\\/www.nebrijamallorca.com\\\/blog\\\/2026\\\/07\\\/14\\\/blog-sesion-informativa-grado-enfermeria-nebrija-mallorca\\\/#primaryimage\"},\"thumbnailUrl\":\"https:\\\/\\\/www.nebrijamallorca.com\\\/blog\\\/wp-content\\\/uploads\\\/2026\\\/06\\\/SI_Nebrija-Mallorca.jpeg\",\"keywords\":[\"Enfermer\u00eda nebrija\",\"Mallorca enfermer\u00eda\",\"Manacor\",\"Nebrija Mallorca\",\"Sesi\u00f3n Informativa\"],\"articleSection\":[\"Enfermer\u00eda Mallorca\",\"Nebrija Mallorca\"],\"inLanguage\":\"es\"},{\"@type\":\"WebPage\",\"@id\":\"https:\\\/\\\/www.nebrijamallorca.com\\\/blog\\\/2026\\\/07\\\/14\\\/blog-sesion-informativa-grado-enfermeria-nebrija-mallorca\\\/\",\"url\":\"https:\\\/\\\/www.nebrijamallorca.com\\\/blog\\\/2026\\\/07\\\/14\\\/blog-sesion-informativa-grado-enfermeria-nebrija-mallorca\\\/\",\"name\":\"22 Julio: sesi\u00f3n informativa | Grado en Enfermer\u00eda Nebrija Mallorca\",\"isPartOf\":{\"@id\":\"https:\\\/\\\/www.nebrijamallorca.com\\\/blog\\\/#website\"},\"primaryImageOfPage\":{\"@id\":\"https:\\\/\\\/www.nebrijamallorca.com\\\/blog\\\/2026\\\/07\\\/14\\\/blog-sesion-informativa-grado-enfermeria-nebrija-mallorca\\\/#primaryimage\"},\"image\":{\"@id\":\"https:\\\/\\\/www.nebrijamallorca.com\\\/blog\\\/2026\\\/07\\\/14\\\/blog-sesion-informativa-grado-enfermeria-nebrija-mallorca\\\/#primaryimage\"},\"thumbnailUrl\":\"https:\\\/\\\/www.nebrijamallorca.com\\\/blog\\\/wp-content\\\/uploads\\\/2026\\\/06\\\/SI_Nebrija-Mallorca.jpeg\",\"datePublished\":\"2026-07-14T16:07:42+00:00\",\"dateModified\":\"2026-07-22T09:47:06+00:00\",\"description\":\"Inf\u00f3rmate el 22 de julio sobre el Grado en Enfermer\u00eda de Nebrija Mallorca. Admisi\u00f3n, becas y ponencia de la Dra. Yolanda Cabello. Inscr\u00edbete\",\"breadcrumb\":{\"@id\":\"https:\\\/\\\/www.nebrijamallorca.com\\\/blog\\\/2026\\\/07\\\/14\\\/blog-sesion-informativa-grado-enfermeria-nebrija-mallorca\\\/#breadcrumb\"},\"inLanguage\":\"es\",\"potentialAction\":[{\"@type\":\"ReadAction\",\"target\":[\"https:\\\/\\\/www.nebrijamallorca.com\\\/blog\\\/2026\\\/07\\\/14\\\/blog-sesion-informativa-grado-enfermeria-nebrija-mallorca\\\/\"]}]},{\"@type\":\"ImageObject\",\"inLanguage\":\"es\",\"@id\":\"https:\\\/\\\/www.nebrijamallorca.com\\\/blog\\\/2026\\\/07\\\/14\\\/blog-sesion-informativa-grado-enfermeria-nebrija-mallorca\\\/#primaryimage\",\"url\":\"https:\\\/\\\/www.nebrijamallorca.com\\\/blog\\\/wp-content\\\/uploads\\\/2026\\\/06\\\/SI_Nebrija-Mallorca.jpeg\",\"contentUrl\":\"https:\\\/\\\/www.nebrijamallorca.com\\\/blog\\\/wp-content\\\/uploads\\\/2026\\\/06\\\/SI_Nebrija-Mallorca.jpeg\",\"width\":2048,\"height\":1536},{\"@type\":\"BreadcrumbList\",\"@id\":\"https:\\\/\\\/www.nebrijamallorca.com\\\/blog\\\/2026\\\/07\\\/14\\\/blog-sesion-informativa-grado-enfermeria-nebrija-mallorca\\\/#breadcrumb\",\"itemListElement\":[{\"@type\":\"ListItem\",\"position\":1,\"name\":\"Portada\",\"item\":\"https:\\\/\\\/www.nebrijamallorca.com\\\/blog\\\/\"},{\"@type\":\"ListItem\",\"position\":2,\"name\":\"22 de Julio, pr\u00f3xima sesi\u00f3n informativa online para conocer todo sobre el Grado en Enfermer\u00eda de Nebrija Mallorca\"}]},{\"@type\":\"WebSite\",\"@id\":\"https:\\\/\\\/www.nebrijamallorca.com\\\/blog\\\/#website\",\"url\":\"https:\\\/\\\/www.nebrijamallorca.com\\\/blog\\\/\",\"name\":\"blog\",\"description\":\"\",\"publisher\":{\"@id\":\"https:\\\/\\\/www.nebrijamallorca.com\\\/blog\\\/#organization\"},\"potentialAction\":[{\"@type\":\"SearchAction\",\"target\":{\"@type\":\"EntryPoint\",\"urlTemplate\":\"https:\\\/\\\/www.nebrijamallorca.com\\\/blog\\\/?s={search_term_string}\"},\"query-input\":{\"@type\":\"PropertyValueSpecification\",\"valueRequired\":true,\"valueName\":\"search_term_string\"}}],\"inLanguage\":\"es\"},{\"@type\":\"Organization\",\"@id\":\"https:\\\/\\\/www.nebrijamallorca.com\\\/blog\\\/#organization\",\"name\":\"Centro Universitario Instituto Nebrija Mallorca\",\"url\":\"https:\\\/\\\/www.nebrijamallorca.com\\\/blog\\\/\",\"logo\":{\"@type\":\"ImageObject\",\"inLanguage\":\"es\",\"@id\":\"https:\\\/\\\/www.nebrijamallorca.com\\\/blog\\\/#\\\/schema\\\/logo\\\/image\\\/\",\"url\":\"https:\\\/\\\/www.nebrijamallorca.com\\\/blog\\\/wp-content\\\/uploads\\\/2026\\\/05\\\/logo-CUINM.svg\",\"contentUrl\":\"https:\\\/\\\/www.nebrijamallorca.com\\\/blog\\\/wp-content\\\/uploads\\\/2026\\\/05\\\/logo-CUINM.svg\",\"width\":974,\"height\":221,\"caption\":\"Centro Universitario Instituto Nebrija Mallorca\"},\"image\":{\"@id\":\"https:\\\/\\\/www.nebrijamallorca.com\\\/blog\\\/#\\\/schema\\\/logo\\\/image\\\/\"},\"sameAs\":[\"https:\\\/\\\/www.instagram.com\\\/cuinebrija_mallorca\\\/\",\"https:\\\/\\\/www.linkedin.com\\\/company\\\/centro-universitario-instituto-nebrija-mallorca\\\/\"]},{\"@type\":\"Person\",\"@id\":\"https:\\\/\\\/www.nebrijamallorca.com\\\/blog\\\/#\\\/schema\\\/person\\\/9ace66970ac827179a4945f143c39498\",\"name\":\"Maria Olivares\",\"image\":{\"@type\":\"ImageObject\",\"inLanguage\":\"es\",\"@id\":\"https:\\\/\\\/secure.gravatar.com\\\/avatar\\\/077374ce6cf5a3ce8c7ab4ba4733f03fbf0a9341688ee68f2fa8c68bbac82a3b?s=96&d=mm&r=g\",\"url\":\"https:\\\/\\\/secure.gravatar.com\\\/avatar\\\/077374ce6cf5a3ce8c7ab4ba4733f03fbf0a9341688ee68f2fa8c68bbac82a3b?s=96&d=mm&r=g\",\"contentUrl\":\"https:\\\/\\\/secure.gravatar.com\\\/avatar\\\/077374ce6cf5a3ce8c7ab4ba4733f03fbf0a9341688ee68f2fa8c68bbac82a3b?s=96&d=mm&r=g\",\"caption\":\"Maria Olivares\"},\"sameAs\":[\"https:\\\/\\\/www.linkedin.com\\\/in\\\/mariaolivarescomunicacion\\\/\"],\"url\":\"https:\\\/\\\/www.nebrijamallorca.com\\\/blog\\\/author\\\/maria-olivares\\\/\"}]}<\/script>\n<!-- \/ Yoast SEO plugin. -->","yoast_head_json":{"title":"22 Julio: sesi\u00f3n informativa | Grado en Enfermer\u00eda Nebrija Mallorca","description":"Inf\u00f3rmate el 22 de julio sobre el Grado en Enfermer\u00eda de Nebrija Mallorca. Admisi\u00f3n, becas y ponencia de la Dra. Yolanda Cabello. Inscr\u00edbete","robots":{"index":"index","follow":"follow","max-snippet":"max-snippet:-1","max-image-preview":"max-image-preview:large","max-video-preview":"max-video-preview:-1"},"canonical":"https:\/\/www.nebrijamallorca.com\/blog\/2026\/07\/14\/blog-sesion-informativa-grado-enfermeria-nebrija-mallorca\/","og_locale":"es_ES","og_type":"article","og_title":"22 Julio: sesi\u00f3n informativa | Grado en Enfermer\u00eda Nebrija Mallorca","og_description":"Inf\u00f3rmate el 22 de julio sobre el Grado en Enfermer\u00eda de Nebrija Mallorca. Admisi\u00f3n, becas y ponencia de la Dra. Yolanda Cabello. Inscr\u00edbete","og_url":"https:\/\/www.nebrijamallorca.com\/blog\/2026\/07\/14\/blog-sesion-informativa-grado-enfermeria-nebrija-mallorca\/","og_site_name":"Actualidad Nebrija Mallorca","article_published_time":"2026-07-14T16:07:42+00:00","article_modified_time":"2026-07-22T09:47:06+00:00","og_image":[{"width":2048,"height":1536,"url":"https:\/\/www.nebrijamallorca.com\/blog\/wp-content\/uploads\/2026\/06\/SI_Nebrija-Mallorca.jpeg","type":"image\/jpeg"}],"author":"Maria Olivares","twitter_card":"summary_large_image","twitter_misc":{"Escrito por":"Maria Olivares","Tiempo de lectura":"2 minutos"},"schema":{"@context":"https:\/\/schema.org","@graph":[{"@type":"Article","@id":"https:\/\/www.nebrijamallorca.com\/blog\/2026\/07\/14\/blog-sesion-informativa-grado-enfermeria-nebrija-mallorca\/#article","isPartOf":{"@id":"https:\/\/www.nebrijamallorca.com\/blog\/2026\/07\/14\/blog-sesion-informativa-grado-enfermeria-nebrija-mallorca\/"},"author":{"name":"Maria Olivares","@id":"https:\/\/www.nebrijamallorca.com\/blog\/#\/schema\/person\/9ace66970ac827179a4945f143c39498"},"headline":"22 de Julio, pr\u00f3xima sesi\u00f3n informativa online para conocer todo sobre el Grado en Enfermer\u00eda de Nebrija Mallorca","datePublished":"2026-07-14T16:07:42+00:00","dateModified":"2026-07-22T09:47:06+00:00","mainEntityOfPage":{"@id":"https:\/\/www.nebrijamallorca.com\/blog\/2026\/07\/14\/blog-sesion-informativa-grado-enfermeria-nebrija-mallorca\/"},"wordCount":214,"publisher":{"@id":"https:\/\/www.nebrijamallorca.com\/blog\/#organization"},"image":{"@id":"https:\/\/www.nebrijamallorca.com\/blog\/2026\/07\/14\/blog-sesion-informativa-grado-enfermeria-nebrija-mallorca\/#primaryimage"},"thumbnailUrl":"https:\/\/www.nebrijamallorca.com\/blog\/wp-content\/uploads\/2026\/06\/SI_Nebrija-Mallorca.jpeg","keywords":["Enfermer\u00eda nebrija","Mallorca enfermer\u00eda","Manacor","Nebrija Mallorca","Sesi\u00f3n Informativa"],"articleSection":["Enfermer\u00eda Mallorca","Nebrija Mallorca"],"inLanguage":"es"},{"@type":"WebPage","@id":"https:\/\/www.nebrijamallorca.com\/blog\/2026\/07\/14\/blog-sesion-informativa-grado-enfermeria-nebrija-mallorca\/","url":"https:\/\/www.nebrijamallorca.com\/blog\/2026\/07\/14\/blog-sesion-informativa-grado-enfermeria-nebrija-mallorca\/","name":"22 Julio: sesi\u00f3n informativa | Grado en Enfermer\u00eda Nebrija Mallorca","isPartOf":{"@id":"https:\/\/www.nebrijamallorca.com\/blog\/#website"},"primaryImageOfPage":{"@id":"https:\/\/www.nebrijamallorca.com\/blog\/2026\/07\/14\/blog-sesion-informativa-grado-enfermeria-nebrija-mallorca\/#primaryimage"},"image":{"@id":"https:\/\/www.nebrijamallorca.com\/blog\/2026\/07\/14\/blog-sesion-informativa-grado-enfermeria-nebrija-mallorca\/#primaryimage"},"thumbnailUrl":"https:\/\/www.nebrijamallorca.com\/blog\/wp-content\/uploads\/2026\/06\/SI_Nebrija-Mallorca.jpeg","datePublished":"2026-07-14T16:07:42+00:00","dateModified":"2026-07-22T09:47:06+00:00","description":"Inf\u00f3rmate el 22 de julio sobre el Grado en Enfermer\u00eda de Nebrija Mallorca. Admisi\u00f3n, becas y ponencia de la Dra. Yolanda Cabello. Inscr\u00edbete","breadcrumb":{"@id":"https:\/\/www.nebrijamallorca.com\/blog\/2026\/07\/14\/blog-sesion-informativa-grado-enfermeria-nebrija-mallorca\/#breadcrumb"},"inLanguage":"es","potentialAction":[{"@type":"ReadAction","target":["https:\/\/www.nebrijamallorca.com\/blog\/2026\/07\/14\/blog-sesion-informativa-grado-enfermeria-nebrija-mallorca\/"]}]},{"@type":"ImageObject","inLanguage":"es","@id":"https:\/\/www.nebrijamallorca.com\/blog\/2026\/07\/14\/blog-sesion-informativa-grado-enfermeria-nebrija-mallorca\/#primaryimage","url":"https:\/\/www.nebrijamallorca.com\/blog\/wp-content\/uploads\/2026\/06\/SI_Nebrija-Mallorca.jpeg","contentUrl":"https:\/\/www.nebrijamallorca.com\/blog\/wp-content\/uploads\/2026\/06\/SI_Nebrija-Mallorca.jpeg","width":2048,"height":1536},{"@type":"BreadcrumbList","@id":"https:\/\/www.nebrijamallorca.com\/blog\/2026\/07\/14\/blog-sesion-informativa-grado-enfermeria-nebrija-mallorca\/#breadcrumb","itemListElement":[{"@type":"ListItem","position":1,"name":"Portada","item":"https:\/\/www.nebrijamallorca.com\/blog\/"},{"@type":"ListItem","position":2,"name":"22 de Julio, pr\u00f3xima sesi\u00f3n informativa online para conocer todo sobre el Grado en Enfermer\u00eda de Nebrija Mallorca"}]},{"@type":"WebSite","@id":"https:\/\/www.nebrijamallorca.com\/blog\/#website","url":"https:\/\/www.nebrijamallorca.com\/blog\/","name":"blog","description":"","publisher":{"@id":"https:\/\/www.nebrijamallorca.com\/blog\/#organization"},"potentialAction":[{"@type":"SearchAction","target":{"@type":"EntryPoint","urlTemplate":"https:\/\/www.nebrijamallorca.com\/blog\/?s={search_term_string}"},"query-input":{"@type":"PropertyValueSpecification","valueRequired":true,"valueName":"search_term_string"}}],"inLanguage":"es"},{"@type":"Organization","@id":"https:\/\/www.nebrijamallorca.com\/blog\/#organization","name":"Centro Universitario Instituto Nebrija Mallorca","url":"https:\/\/www.nebrijamallorca.com\/blog\/","logo":{"@type":"ImageObject","inLanguage":"es","@id":"https:\/\/www.nebrijamallorca.com\/blog\/#\/schema\/logo\/image\/","url":"https:\/\/www.nebrijamallorca.com\/blog\/wp-content\/uploads\/2026\/05\/logo-CUINM.svg","contentUrl":"https:\/\/www.nebrijamallorca.com\/blog\/wp-content\/uploads\/2026\/05\/logo-CUINM.svg","width":974,"height":221,"caption":"Centro Universitario Instituto Nebrija Mallorca"},"image":{"@id":"https:\/\/www.nebrijamallorca.com\/blog\/#\/schema\/logo\/image\/"},"sameAs":["https:\/\/www.instagram.com\/cuinebrija_mallorca\/","https:\/\/www.linkedin.com\/company\/centro-universitario-instituto-nebrija-mallorca\/"]},{"@type":"Person","@id":"https:\/\/www.nebrijamallorca.com\/blog\/#\/schema\/person\/9ace66970ac827179a4945f143c39498","name":"Maria Olivares","image":{"@type":"ImageObject","inLanguage":"es","@id":"https:\/\/secure.gravatar.com\/avatar\/077374ce6cf5a3ce8c7ab4ba4733f03fbf0a9341688ee68f2fa8c68bbac82a3b?s=96&d=mm&r=g","url":"https:\/\/secure.gravatar.com\/avatar\/077374ce6cf5a3ce8c7ab4ba4733f03fbf0a9341688ee68f2fa8c68bbac82a3b?s=96&d=mm&r=g","contentUrl":"https:\/\/secure.gravatar.com\/avatar\/077374ce6cf5a3ce8c7ab4ba4733f03fbf0a9341688ee68f2fa8c68bbac82a3b?s=96&d=mm&r=g","caption":"Maria Olivares"},"sameAs":["https:\/\/www.linkedin.com\/in\/mariaolivarescomunicacion\/"],"url":"https:\/\/www.nebrijamallorca.com\/blog\/author\/maria-olivares\/"}]}},"_links":{"self":[{"href":"https:\/\/www.nebrijamallorca.com\/blog\/wp-json\/wp\/v2\/posts\/212","targetHints":{"allow":["GET"]}}],"collection":[{"href":"https:\/\/www.nebrijamallorca.com\/blog\/wp-json\/wp\/v2\/posts"}],"about":[{"href":"https:\/\/www.nebrijamallorca.com\/blog\/wp-json\/wp\/v2\/types\/post"}],"author":[{"embeddable":true,"href":"https:\/\/www.nebrijamallorca.com\/blog\/wp-json\/wp\/v2\/users\/3"}],"replies":[{"embeddable":true,"href":"https:\/\/www.nebrijamallorca.com\/blog\/wp-json\/wp\/v2\/comments?post=212"}],"version-history":[{"count":1,"href":"https:\/\/www.nebrijamallorca.com\/blog\/wp-json\/wp\/v2\/posts\/212\/revisions"}],"predecessor-version":[{"id":214,"href":"https:\/\/www.nebrijamallorca.com\/blog\/wp-json\/wp\/v2\/posts\/212\/revisions\/214"}],"wp:featuredmedia":[{"embeddable":true,"href":"https:\/\/www.nebrijamallorca.com\/blog\/wp-json\/wp\/v2\/media\/141"}],"wp:attachment":[{"href":"https:\/\/www.nebrijamallorca.com\/blog\/wp-json\/wp\/v2\/media?parent=212"}],"wp:term":[{"taxonomy":"category","embeddable":true,"href":"https:\/\/www.nebrijamallorca.com\/blog\/wp-json\/wp\/v2\/categories?post=212"},{"taxonomy":"post_tag","embeddable":true,"href":"https:\/\/www.nebrijamallorca.com\/blog\/wp-json\/wp\/v2\/tags?post=212"}],"curies":[{"name":"wp","href":"https:\/\/api.w.org\/{rel}","templated":true}]}}