{"id":253,"date":"2026-08-24T10:22:34","date_gmt":"2026-08-24T08:22:34","guid":{"rendered":"https:\/\/www.nebrijamallorca.com\/blog\/?p=253"},"modified":"2026-08-24T14:18:17","modified_gmt":"2026-08-24T12:18:17","slug":"health-talks-by-nebrija-enfermeria-dolor-cronico","status":"publish","type":"post","link":"https:\/\/www.nebrijamallorca.com\/blog\/2026\/08\/24\/health-talks-by-nebrija-enfermeria-dolor-cronico\/","title":{"rendered":"C\u00f3mo la enfermer\u00eda transforma el dolor cr\u00f3nico: nueva sesi\u00f3n online de Nebrija Mallorca"},"content":{"rendered":"\n<p class=\"wp-block-paragraph\">El dolor cr\u00f3nico afecta a millones de personas, alterando profundamente su calidad de vida, su bienestar emocional y su autonom\u00eda. Afrontar esta condici\u00f3n requiere un enfoque que vaya m\u00e1s all\u00e1 de la medicaci\u00f3n: demanda un acompa\u00f1amiento constante, emp\u00e1tico y basado en la evidencia cient\u00edfica.<\/p>\n\n\n\n<p class=\"wp-block-paragraph\">En este contexto, el <a href=\"https:\/\/www.nebrijamallorca.com\/\">C.U Nebrija Mallorca<\/a>, en alianza con Hospitales Parque, celebra una nueva edici\u00f3n de su ciclo <a href=\"https:\/\/www.nebrijamallorca.com\/academia-ciudadana-de-salud-nebrija.php\"><strong>\u00abHealth Talks by Nebrija\u00bb<\/strong>,<\/a> centrada en la intervenci\u00f3n enfermera frente al dolor persistente, dentro del marco de su <em>Academia Ciudadana de Salud<\/em>.<\/p>\n\n\n\n<p class=\"wp-block-paragraph\">La jornada, impartida en formato <em>online<\/em> este <strong>lunes 24 de agosto a las 18:30 horas<\/strong>, cuenta con la participaci\u00f3n del <a href=\"https:\/\/www.linkedin.com\/in\/eduardo-cimadevilla-fern%C3%A1ndez-pola-85976b22a\/\">Dr. Eduardo Cimadevilla, <\/a>doctor en Ciencias de la Salud, enfermero y especialista en Medicina del Deporte. Durante la sesi\u00f3n, el especialista desgrana c\u00f3mo la atenci\u00f3n enfermera personalizada ayuda a las personas afectadas a recuperar el control de su d\u00eda a d\u00eda.<\/p>\n\n\n\n<h5 class=\"wp-block-heading\">Cinco ejes de la atenci\u00f3n enfermera en el dolor cr\u00f3nico<\/h5>\n\n\n\n<p class=\"wp-block-paragraph\">Seg\u00fan expone el Dr. Cimadevilla, la intervenci\u00f3n de la enfermer\u00eda frente al dolor persistente se articula a trav\u00e9s de cinco l\u00edneas de actuaci\u00f3n prioritarias:<\/p>\n\n\n\n<ul class=\"wp-block-list\">\n<li><strong>Valoraci\u00f3n, seguimiento y manejo continuado:<\/strong> Evaluaci\u00f3n rigurosa mediante escalas validadas para medir la intensidad del dolor, monitorizar su evoluci\u00f3n diaria, analizar el descanso nocturno y ajustar las pautas seg\u00fan la efectividad en cada paciente.<\/li>\n\n\n\n<li><strong>Educaci\u00f3n sanitaria y fomento del autocuidado:<\/strong> Capacitaci\u00f3n personalizada para entender el origen de la patolog\u00eda, disminuir el miedo al movimiento y aplicar t\u00e9cnicas de afrontamiento en el propio domicilio.<\/li>\n\n\n\n<li><strong>Acompa\u00f1amiento emocional y coordinaci\u00f3n:<\/strong> Apoyo cercano frente al desgaste psicol\u00f3gico que genera la cronicidad, sirviendo de nexo entre el paciente, su entorno familiar y el equipo cl\u00ednico.<\/li>\n\n\n\n<li><strong>Enfoque multidisciplinar centrado en la persona:<\/strong> Coordinaci\u00f3n de las necesidades f\u00edsicas, emocionales y sociales del usuario junto con m\u00e9dicos, fisioterapeutas y otros profesionales de la salud.<\/li>\n\n\n\n<li><strong>Impulso de la autonom\u00eda y calidad de vida:<\/strong> Empoderamiento del paciente dot\u00e1ndole de herramientas pr\u00e1cticas para reducir la dependencia y gestionar su salud con mayor confianza.<\/li>\n<\/ul>\n\n\n\n<figure class=\"wp-block-image size-large\"><img loading=\"lazy\" decoding=\"async\" width=\"1167\" height=\"638\" src=\"https:\/\/www.nebrijamallorca.com\/blog\/wp-content\/uploads\/2026\/08\/Gemini_Generated_Image_einrs5einrs5einr-edited.png\" alt=\"\" class=\"wp-image-256\" srcset=\"https:\/\/www.nebrijamallorca.com\/blog\/wp-content\/uploads\/2026\/08\/Gemini_Generated_Image_einrs5einrs5einr-edited.png 1167w, https:\/\/www.nebrijamallorca.com\/blog\/wp-content\/uploads\/2026\/08\/Gemini_Generated_Image_einrs5einrs5einr-edited-300x164.png 300w, https:\/\/www.nebrijamallorca.com\/blog\/wp-content\/uploads\/2026\/08\/Gemini_Generated_Image_einrs5einrs5einr-edited-1024x560.png 1024w, https:\/\/www.nebrijamallorca.com\/blog\/wp-content\/uploads\/2026\/08\/Gemini_Generated_Image_einrs5einrs5einr-edited-768x420.png 768w\" sizes=\"auto, (max-width: 1167px) 100vw, 1167px\" \/><\/figure>\n\n\n\n<p class=\"wp-block-paragraph\">Iniciativas de divulgaci\u00f3n como <em><a href=\"https:\/\/www.nebrijamallorca.com\/academia-ciudadana-de-salud-nebrija.php\">Health Talks by Nebrija<\/a><\/em> acercan la ciencia a la sociedad. Al mismo tiempo, consolidan a la enfermer\u00eda como una figura clave para devolver la autonom\u00eda y la calidad de vida a los pacientes.<\/p>\n\n\n\n<p class=\"wp-block-paragraph\">\u00bfTe interesa conocer m\u00e1s sobre las pr\u00f3ximas sesiones del ciclo y las estrategias de salud que se abordan en la Academia Ciudadana de Salud? <a href=\"https:\/\/www.nebrijamallorca.com\/academia-ciudadana-de-salud-nebrija.php\">Inscr\u00edbete aqu\u00ed<\/a><\/p>\n","protected":false},"excerpt":{"rendered":"<p>El dolor cr\u00f3nico afecta a millones de personas, alterando profundamente su calidad de vida, su bienestar emocional y su autonom\u00eda. Afrontar esta condici\u00f3n requiere un enfoque que vaya m\u00e1s all\u00e1 de la medicaci\u00f3n: demanda un acompa\u00f1amiento constante, emp\u00e1tico y basado en la evidencia cient\u00edfica. En este contexto, el C.U Nebrija Mallorca, en alianza con Hospitales [&hellip;]<\/p>\n","protected":false},"author":3,"featured_media":255,"comment_status":"closed","ping_status":"closed","sticky":false,"template":"","format":"standard","meta":{"footnotes":""},"categories":[10,60,11],"tags":[66,21,15,61,14,13],"class_list":["post-253","post","type-post","status-publish","format-standard","has-post-thumbnail","hentry","category-enfermeria-mallorca","category-health-talks-by-nebrija","category-nebrija-mallorca","tag-dolor-cronico","tag-enfermeria-en-la-privada","tag-enfermeria-nebrija","tag-health-talks-by-nebrija","tag-mallorca-enfermeria","tag-nebrija-mallorca"],"yoast_head":"<!-- This site is optimized with the Yoast SEO plugin v27.7 - https:\/\/yoast.com\/product\/yoast-seo-wordpress\/ -->\n<title>El papel de la enfermer\u00eda en el dolor cr\u00f3nico | Health Talks Nebrija<\/title>\n<meta name=\"description\" content=\"Descubre la importancia de la enfermer\u00eda en la gesti\u00f3n del dolor cr\u00f3nico con el Dr. Cimadevilla: valoraci\u00f3n y apoyo continuo al paciente.\" \/>\n<meta name=\"robots\" content=\"index, follow, max-snippet:-1, max-image-preview:large, max-video-preview:-1\" \/>\n<link rel=\"canonical\" href=\"https:\/\/www.nebrijamallorca.com\/blog\/2026\/08\/24\/health-talks-by-nebrija-enfermeria-dolor-cronico\/\" \/>\n<meta property=\"og:locale\" content=\"es_ES\" \/>\n<meta property=\"og:type\" content=\"article\" \/>\n<meta property=\"og:title\" content=\"El papel de la enfermer\u00eda en el dolor cr\u00f3nico | Health Talks Nebrija\" \/>\n<meta property=\"og:description\" content=\"Descubre la importancia de la enfermer\u00eda en la gesti\u00f3n del dolor cr\u00f3nico con el Dr. Cimadevilla: valoraci\u00f3n y apoyo continuo al paciente.\" \/>\n<meta property=\"og:url\" content=\"https:\/\/www.nebrijamallorca.com\/blog\/2026\/08\/24\/health-talks-by-nebrija-enfermeria-dolor-cronico\/\" \/>\n<meta property=\"og:site_name\" content=\"Actualidad Nebrija Mallorca\" \/>\n<meta property=\"article:published_time\" content=\"2026-08-24T08:22:34+00:00\" \/>\n<meta property=\"article:modified_time\" content=\"2026-08-24T12:18:17+00:00\" \/>\n<meta property=\"og:image\" content=\"https:\/\/www.nebrijamallorca.com\/blog\/wp-content\/uploads\/2026\/08\/Mallorca-Banner-linkediN-JPA-scaled.jpg\" \/>\n\t<meta property=\"og:image:width\" content=\"2560\" \/>\n\t<meta property=\"og:image:height\" content=\"1280\" \/>\n\t<meta property=\"og:image:type\" content=\"image\/jpeg\" \/>\n<meta name=\"author\" content=\"Maria Olivares\" \/>\n<meta name=\"twitter:card\" content=\"summary_large_image\" \/>\n<meta name=\"twitter:label1\" content=\"Escrito por\" \/>\n\t<meta name=\"twitter:data1\" content=\"Maria Olivares\" \/>\n\t<meta name=\"twitter:label2\" content=\"Tiempo de lectura\" \/>\n\t<meta name=\"twitter:data2\" content=\"3 minutos\" \/>\n<script type=\"application\/ld+json\" class=\"yoast-schema-graph\">{\"@context\":\"https:\\\/\\\/schema.org\",\"@graph\":[{\"@type\":\"Article\",\"@id\":\"https:\\\/\\\/www.nebrijamallorca.com\\\/blog\\\/2026\\\/08\\\/24\\\/health-talks-by-nebrija-enfermeria-dolor-cronico\\\/#article\",\"isPartOf\":{\"@id\":\"https:\\\/\\\/www.nebrijamallorca.com\\\/blog\\\/2026\\\/08\\\/24\\\/health-talks-by-nebrija-enfermeria-dolor-cronico\\\/\"},\"author\":{\"name\":\"Maria Olivares\",\"@id\":\"https:\\\/\\\/www.nebrijamallorca.com\\\/blog\\\/#\\\/schema\\\/person\\\/9ace66970ac827179a4945f143c39498\"},\"headline\":\"C\u00f3mo la enfermer\u00eda transforma el dolor cr\u00f3nico: nueva sesi\u00f3n online de Nebrija Mallorca\",\"datePublished\":\"2026-08-24T08:22:34+00:00\",\"dateModified\":\"2026-08-24T12:18:17+00:00\",\"mainEntityOfPage\":{\"@id\":\"https:\\\/\\\/www.nebrijamallorca.com\\\/blog\\\/2026\\\/08\\\/24\\\/health-talks-by-nebrija-enfermeria-dolor-cronico\\\/\"},\"wordCount\":449,\"publisher\":{\"@id\":\"https:\\\/\\\/www.nebrijamallorca.com\\\/blog\\\/#organization\"},\"image\":{\"@id\":\"https:\\\/\\\/www.nebrijamallorca.com\\\/blog\\\/2026\\\/08\\\/24\\\/health-talks-by-nebrija-enfermeria-dolor-cronico\\\/#primaryimage\"},\"thumbnailUrl\":\"https:\\\/\\\/www.nebrijamallorca.com\\\/blog\\\/wp-content\\\/uploads\\\/2026\\\/08\\\/Mallorca-Banner-linkediN-JPA-scaled.jpg\",\"keywords\":[\"Dolor cr\u00f3nico\",\"Enfermer\u00eda en la privada\",\"Enfermer\u00eda nebrija\",\"Health Talks By Nebrija\",\"Mallorca enfermer\u00eda\",\"Nebrija Mallorca\"],\"articleSection\":[\"Enfermer\u00eda Mallorca\",\"Health Talks by Nebrija\",\"Nebrija Mallorca\"],\"inLanguage\":\"es\"},{\"@type\":\"WebPage\",\"@id\":\"https:\\\/\\\/www.nebrijamallorca.com\\\/blog\\\/2026\\\/08\\\/24\\\/health-talks-by-nebrija-enfermeria-dolor-cronico\\\/\",\"url\":\"https:\\\/\\\/www.nebrijamallorca.com\\\/blog\\\/2026\\\/08\\\/24\\\/health-talks-by-nebrija-enfermeria-dolor-cronico\\\/\",\"name\":\"El papel de la enfermer\u00eda en el dolor cr\u00f3nico | Health Talks Nebrija\",\"isPartOf\":{\"@id\":\"https:\\\/\\\/www.nebrijamallorca.com\\\/blog\\\/#website\"},\"primaryImageOfPage\":{\"@id\":\"https:\\\/\\\/www.nebrijamallorca.com\\\/blog\\\/2026\\\/08\\\/24\\\/health-talks-by-nebrija-enfermeria-dolor-cronico\\\/#primaryimage\"},\"image\":{\"@id\":\"https:\\\/\\\/www.nebrijamallorca.com\\\/blog\\\/2026\\\/08\\\/24\\\/health-talks-by-nebrija-enfermeria-dolor-cronico\\\/#primaryimage\"},\"thumbnailUrl\":\"https:\\\/\\\/www.nebrijamallorca.com\\\/blog\\\/wp-content\\\/uploads\\\/2026\\\/08\\\/Mallorca-Banner-linkediN-JPA-scaled.jpg\",\"datePublished\":\"2026-08-24T08:22:34+00:00\",\"dateModified\":\"2026-08-24T12:18:17+00:00\",\"description\":\"Descubre la importancia de la enfermer\u00eda en la gesti\u00f3n del dolor cr\u00f3nico con el Dr. Cimadevilla: valoraci\u00f3n y apoyo continuo al paciente.\",\"breadcrumb\":{\"@id\":\"https:\\\/\\\/www.nebrijamallorca.com\\\/blog\\\/2026\\\/08\\\/24\\\/health-talks-by-nebrija-enfermeria-dolor-cronico\\\/#breadcrumb\"},\"inLanguage\":\"es\",\"potentialAction\":[{\"@type\":\"ReadAction\",\"target\":[\"https:\\\/\\\/www.nebrijamallorca.com\\\/blog\\\/2026\\\/08\\\/24\\\/health-talks-by-nebrija-enfermeria-dolor-cronico\\\/\"]}]},{\"@type\":\"ImageObject\",\"inLanguage\":\"es\",\"@id\":\"https:\\\/\\\/www.nebrijamallorca.com\\\/blog\\\/2026\\\/08\\\/24\\\/health-talks-by-nebrija-enfermeria-dolor-cronico\\\/#primaryimage\",\"url\":\"https:\\\/\\\/www.nebrijamallorca.com\\\/blog\\\/wp-content\\\/uploads\\\/2026\\\/08\\\/Mallorca-Banner-linkediN-JPA-scaled.jpg\",\"contentUrl\":\"https:\\\/\\\/www.nebrijamallorca.com\\\/blog\\\/wp-content\\\/uploads\\\/2026\\\/08\\\/Mallorca-Banner-linkediN-JPA-scaled.jpg\",\"width\":2560,\"height\":1280},{\"@type\":\"BreadcrumbList\",\"@id\":\"https:\\\/\\\/www.nebrijamallorca.com\\\/blog\\\/2026\\\/08\\\/24\\\/health-talks-by-nebrija-enfermeria-dolor-cronico\\\/#breadcrumb\",\"itemListElement\":[{\"@type\":\"ListItem\",\"position\":1,\"name\":\"Portada\",\"item\":\"https:\\\/\\\/www.nebrijamallorca.com\\\/blog\\\/\"},{\"@type\":\"ListItem\",\"position\":2,\"name\":\"C\u00f3mo la enfermer\u00eda transforma el dolor cr\u00f3nico: nueva sesi\u00f3n online de Nebrija Mallorca\"}]},{\"@type\":\"WebSite\",\"@id\":\"https:\\\/\\\/www.nebrijamallorca.com\\\/blog\\\/#website\",\"url\":\"https:\\\/\\\/www.nebrijamallorca.com\\\/blog\\\/\",\"name\":\"blog\",\"description\":\"\",\"publisher\":{\"@id\":\"https:\\\/\\\/www.nebrijamallorca.com\\\/blog\\\/#organization\"},\"potentialAction\":[{\"@type\":\"SearchAction\",\"target\":{\"@type\":\"EntryPoint\",\"urlTemplate\":\"https:\\\/\\\/www.nebrijamallorca.com\\\/blog\\\/?s={search_term_string}\"},\"query-input\":{\"@type\":\"PropertyValueSpecification\",\"valueRequired\":true,\"valueName\":\"search_term_string\"}}],\"inLanguage\":\"es\"},{\"@type\":\"Organization\",\"@id\":\"https:\\\/\\\/www.nebrijamallorca.com\\\/blog\\\/#organization\",\"name\":\"Centro Universitario Instituto Nebrija Mallorca\",\"url\":\"https:\\\/\\\/www.nebrijamallorca.com\\\/blog\\\/\",\"logo\":{\"@type\":\"ImageObject\",\"inLanguage\":\"es\",\"@id\":\"https:\\\/\\\/www.nebrijamallorca.com\\\/blog\\\/#\\\/schema\\\/logo\\\/image\\\/\",\"url\":\"https:\\\/\\\/www.nebrijamallorca.com\\\/blog\\\/wp-content\\\/uploads\\\/2026\\\/05\\\/logo-CUINM.svg\",\"contentUrl\":\"https:\\\/\\\/www.nebrijamallorca.com\\\/blog\\\/wp-content\\\/uploads\\\/2026\\\/05\\\/logo-CUINM.svg\",\"width\":974,\"height\":221,\"caption\":\"Centro Universitario Instituto Nebrija Mallorca\"},\"image\":{\"@id\":\"https:\\\/\\\/www.nebrijamallorca.com\\\/blog\\\/#\\\/schema\\\/logo\\\/image\\\/\"},\"sameAs\":[\"https:\\\/\\\/www.instagram.com\\\/cuinebrija_mallorca\\\/\",\"https:\\\/\\\/www.linkedin.com\\\/company\\\/centro-universitario-instituto-nebrija-mallorca\\\/\"]},{\"@type\":\"Person\",\"@id\":\"https:\\\/\\\/www.nebrijamallorca.com\\\/blog\\\/#\\\/schema\\\/person\\\/9ace66970ac827179a4945f143c39498\",\"name\":\"Maria Olivares\",\"image\":{\"@type\":\"ImageObject\",\"inLanguage\":\"es\",\"@id\":\"https:\\\/\\\/secure.gravatar.com\\\/avatar\\\/077374ce6cf5a3ce8c7ab4ba4733f03fbf0a9341688ee68f2fa8c68bbac82a3b?s=96&d=mm&r=g\",\"url\":\"https:\\\/\\\/secure.gravatar.com\\\/avatar\\\/077374ce6cf5a3ce8c7ab4ba4733f03fbf0a9341688ee68f2fa8c68bbac82a3b?s=96&d=mm&r=g\",\"contentUrl\":\"https:\\\/\\\/secure.gravatar.com\\\/avatar\\\/077374ce6cf5a3ce8c7ab4ba4733f03fbf0a9341688ee68f2fa8c68bbac82a3b?s=96&d=mm&r=g\",\"caption\":\"Maria Olivares\"},\"sameAs\":[\"https:\\\/\\\/www.linkedin.com\\\/in\\\/mariaolivarescomunicacion\\\/\"],\"url\":\"https:\\\/\\\/www.nebrijamallorca.com\\\/blog\\\/author\\\/maria-olivares\\\/\"}]}<\/script>\n<!-- \/ Yoast SEO plugin. -->","yoast_head_json":{"title":"El papel de la enfermer\u00eda en el dolor cr\u00f3nico | Health Talks Nebrija","description":"Descubre la importancia de la enfermer\u00eda en la gesti\u00f3n del dolor cr\u00f3nico con el Dr. Cimadevilla: valoraci\u00f3n y apoyo continuo al paciente.","robots":{"index":"index","follow":"follow","max-snippet":"max-snippet:-1","max-image-preview":"max-image-preview:large","max-video-preview":"max-video-preview:-1"},"canonical":"https:\/\/www.nebrijamallorca.com\/blog\/2026\/08\/24\/health-talks-by-nebrija-enfermeria-dolor-cronico\/","og_locale":"es_ES","og_type":"article","og_title":"El papel de la enfermer\u00eda en el dolor cr\u00f3nico | Health Talks Nebrija","og_description":"Descubre la importancia de la enfermer\u00eda en la gesti\u00f3n del dolor cr\u00f3nico con el Dr. Cimadevilla: valoraci\u00f3n y apoyo continuo al paciente.","og_url":"https:\/\/www.nebrijamallorca.com\/blog\/2026\/08\/24\/health-talks-by-nebrija-enfermeria-dolor-cronico\/","og_site_name":"Actualidad Nebrija Mallorca","article_published_time":"2026-08-24T08:22:34+00:00","article_modified_time":"2026-08-24T12:18:17+00:00","og_image":[{"width":2560,"height":1280,"url":"https:\/\/www.nebrijamallorca.com\/blog\/wp-content\/uploads\/2026\/08\/Mallorca-Banner-linkediN-JPA-scaled.jpg","type":"image\/jpeg"}],"author":"Maria Olivares","twitter_card":"summary_large_image","twitter_misc":{"Escrito por":"Maria Olivares","Tiempo de lectura":"3 minutos"},"schema":{"@context":"https:\/\/schema.org","@graph":[{"@type":"Article","@id":"https:\/\/www.nebrijamallorca.com\/blog\/2026\/08\/24\/health-talks-by-nebrija-enfermeria-dolor-cronico\/#article","isPartOf":{"@id":"https:\/\/www.nebrijamallorca.com\/blog\/2026\/08\/24\/health-talks-by-nebrija-enfermeria-dolor-cronico\/"},"author":{"name":"Maria Olivares","@id":"https:\/\/www.nebrijamallorca.com\/blog\/#\/schema\/person\/9ace66970ac827179a4945f143c39498"},"headline":"C\u00f3mo la enfermer\u00eda transforma el dolor cr\u00f3nico: nueva sesi\u00f3n online de Nebrija Mallorca","datePublished":"2026-08-24T08:22:34+00:00","dateModified":"2026-08-24T12:18:17+00:00","mainEntityOfPage":{"@id":"https:\/\/www.nebrijamallorca.com\/blog\/2026\/08\/24\/health-talks-by-nebrija-enfermeria-dolor-cronico\/"},"wordCount":449,"publisher":{"@id":"https:\/\/www.nebrijamallorca.com\/blog\/#organization"},"image":{"@id":"https:\/\/www.nebrijamallorca.com\/blog\/2026\/08\/24\/health-talks-by-nebrija-enfermeria-dolor-cronico\/#primaryimage"},"thumbnailUrl":"https:\/\/www.nebrijamallorca.com\/blog\/wp-content\/uploads\/2026\/08\/Mallorca-Banner-linkediN-JPA-scaled.jpg","keywords":["Dolor cr\u00f3nico","Enfermer\u00eda en la privada","Enfermer\u00eda nebrija","Health Talks By Nebrija","Mallorca enfermer\u00eda","Nebrija Mallorca"],"articleSection":["Enfermer\u00eda Mallorca","Health Talks by Nebrija","Nebrija Mallorca"],"inLanguage":"es"},{"@type":"WebPage","@id":"https:\/\/www.nebrijamallorca.com\/blog\/2026\/08\/24\/health-talks-by-nebrija-enfermeria-dolor-cronico\/","url":"https:\/\/www.nebrijamallorca.com\/blog\/2026\/08\/24\/health-talks-by-nebrija-enfermeria-dolor-cronico\/","name":"El papel de la enfermer\u00eda en el dolor cr\u00f3nico | Health Talks Nebrija","isPartOf":{"@id":"https:\/\/www.nebrijamallorca.com\/blog\/#website"},"primaryImageOfPage":{"@id":"https:\/\/www.nebrijamallorca.com\/blog\/2026\/08\/24\/health-talks-by-nebrija-enfermeria-dolor-cronico\/#primaryimage"},"image":{"@id":"https:\/\/www.nebrijamallorca.com\/blog\/2026\/08\/24\/health-talks-by-nebrija-enfermeria-dolor-cronico\/#primaryimage"},"thumbnailUrl":"https:\/\/www.nebrijamallorca.com\/blog\/wp-content\/uploads\/2026\/08\/Mallorca-Banner-linkediN-JPA-scaled.jpg","datePublished":"2026-08-24T08:22:34+00:00","dateModified":"2026-08-24T12:18:17+00:00","description":"Descubre la importancia de la enfermer\u00eda en la gesti\u00f3n del dolor cr\u00f3nico con el Dr. Cimadevilla: valoraci\u00f3n y apoyo continuo al paciente.","breadcrumb":{"@id":"https:\/\/www.nebrijamallorca.com\/blog\/2026\/08\/24\/health-talks-by-nebrija-enfermeria-dolor-cronico\/#breadcrumb"},"inLanguage":"es","potentialAction":[{"@type":"ReadAction","target":["https:\/\/www.nebrijamallorca.com\/blog\/2026\/08\/24\/health-talks-by-nebrija-enfermeria-dolor-cronico\/"]}]},{"@type":"ImageObject","inLanguage":"es","@id":"https:\/\/www.nebrijamallorca.com\/blog\/2026\/08\/24\/health-talks-by-nebrija-enfermeria-dolor-cronico\/#primaryimage","url":"https:\/\/www.nebrijamallorca.com\/blog\/wp-content\/uploads\/2026\/08\/Mallorca-Banner-linkediN-JPA-scaled.jpg","contentUrl":"https:\/\/www.nebrijamallorca.com\/blog\/wp-content\/uploads\/2026\/08\/Mallorca-Banner-linkediN-JPA-scaled.jpg","width":2560,"height":1280},{"@type":"BreadcrumbList","@id":"https:\/\/www.nebrijamallorca.com\/blog\/2026\/08\/24\/health-talks-by-nebrija-enfermeria-dolor-cronico\/#breadcrumb","itemListElement":[{"@type":"ListItem","position":1,"name":"Portada","item":"https:\/\/www.nebrijamallorca.com\/blog\/"},{"@type":"ListItem","position":2,"name":"C\u00f3mo la enfermer\u00eda transforma el dolor cr\u00f3nico: nueva sesi\u00f3n online de Nebrija Mallorca"}]},{"@type":"WebSite","@id":"https:\/\/www.nebrijamallorca.com\/blog\/#website","url":"https:\/\/www.nebrijamallorca.com\/blog\/","name":"blog","description":"","publisher":{"@id":"https:\/\/www.nebrijamallorca.com\/blog\/#organization"},"potentialAction":[{"@type":"SearchAction","target":{"@type":"EntryPoint","urlTemplate":"https:\/\/www.nebrijamallorca.com\/blog\/?s={search_term_string}"},"query-input":{"@type":"PropertyValueSpecification","valueRequired":true,"valueName":"search_term_string"}}],"inLanguage":"es"},{"@type":"Organization","@id":"https:\/\/www.nebrijamallorca.com\/blog\/#organization","name":"Centro Universitario Instituto Nebrija Mallorca","url":"https:\/\/www.nebrijamallorca.com\/blog\/","logo":{"@type":"ImageObject","inLanguage":"es","@id":"https:\/\/www.nebrijamallorca.com\/blog\/#\/schema\/logo\/image\/","url":"https:\/\/www.nebrijamallorca.com\/blog\/wp-content\/uploads\/2026\/05\/logo-CUINM.svg","contentUrl":"https:\/\/www.nebrijamallorca.com\/blog\/wp-content\/uploads\/2026\/05\/logo-CUINM.svg","width":974,"height":221,"caption":"Centro Universitario Instituto Nebrija Mallorca"},"image":{"@id":"https:\/\/www.nebrijamallorca.com\/blog\/#\/schema\/logo\/image\/"},"sameAs":["https:\/\/www.instagram.com\/cuinebrija_mallorca\/","https:\/\/www.linkedin.com\/company\/centro-universitario-instituto-nebrija-mallorca\/"]},{"@type":"Person","@id":"https:\/\/www.nebrijamallorca.com\/blog\/#\/schema\/person\/9ace66970ac827179a4945f143c39498","name":"Maria Olivares","image":{"@type":"ImageObject","inLanguage":"es","@id":"https:\/\/secure.gravatar.com\/avatar\/077374ce6cf5a3ce8c7ab4ba4733f03fbf0a9341688ee68f2fa8c68bbac82a3b?s=96&d=mm&r=g","url":"https:\/\/secure.gravatar.com\/avatar\/077374ce6cf5a3ce8c7ab4ba4733f03fbf0a9341688ee68f2fa8c68bbac82a3b?s=96&d=mm&r=g","contentUrl":"https:\/\/secure.gravatar.com\/avatar\/077374ce6cf5a3ce8c7ab4ba4733f03fbf0a9341688ee68f2fa8c68bbac82a3b?s=96&d=mm&r=g","caption":"Maria Olivares"},"sameAs":["https:\/\/www.linkedin.com\/in\/mariaolivarescomunicacion\/"],"url":"https:\/\/www.nebrijamallorca.com\/blog\/author\/maria-olivares\/"}]}},"_links":{"self":[{"href":"https:\/\/www.nebrijamallorca.com\/blog\/wp-json\/wp\/v2\/posts\/253","targetHints":{"allow":["GET"]}}],"collection":[{"href":"https:\/\/www.nebrijamallorca.com\/blog\/wp-json\/wp\/v2\/posts"}],"about":[{"href":"https:\/\/www.nebrijamallorca.com\/blog\/wp-json\/wp\/v2\/types\/post"}],"author":[{"embeddable":true,"href":"https:\/\/www.nebrijamallorca.com\/blog\/wp-json\/wp\/v2\/users\/3"}],"replies":[{"embeddable":true,"href":"https:\/\/www.nebrijamallorca.com\/blog\/wp-json\/wp\/v2\/comments?post=253"}],"version-history":[{"count":3,"href":"https:\/\/www.nebrijamallorca.com\/blog\/wp-json\/wp\/v2\/posts\/253\/revisions"}],"predecessor-version":[{"id":263,"href":"https:\/\/www.nebrijamallorca.com\/blog\/wp-json\/wp\/v2\/posts\/253\/revisions\/263"}],"wp:featuredmedia":[{"embeddable":true,"href":"https:\/\/www.nebrijamallorca.com\/blog\/wp-json\/wp\/v2\/media\/255"}],"wp:attachment":[{"href":"https:\/\/www.nebrijamallorca.com\/blog\/wp-json\/wp\/v2\/media?parent=253"}],"wp:term":[{"taxonomy":"category","embeddable":true,"href":"https:\/\/www.nebrijamallorca.com\/blog\/wp-json\/wp\/v2\/categories?post=253"},{"taxonomy":"post_tag","embeddable":true,"href":"https:\/\/www.nebrijamallorca.com\/blog\/wp-json\/wp\/v2\/tags?post=253"}],"curies":[{"name":"wp","href":"https:\/\/api.w.org\/{rel}","templated":true}]}}