{"id":264,"date":"2026-08-25T11:41:32","date_gmt":"2026-08-25T09:41:32","guid":{"rendered":"https:\/\/www.nebrijamallorca.com\/blog\/?p=264"},"modified":"2026-08-25T11:43:20","modified_gmt":"2026-08-25T09:43:20","slug":"enfermeria-dolor-cronico-health-talks-nebrija-mallorca","status":"publish","type":"post","link":"https:\/\/www.nebrijamallorca.com\/blog\/2026\/08\/25\/enfermeria-dolor-cronico-health-talks-nebrija-mallorca\/","title":{"rendered":"Gran acogida de la jornada online sobre el papel de la enfermer\u00eda y dolor cr\u00f3nico"},"content":{"rendered":"\n<p class=\"wp-block-paragraph\">El papel la enfermer\u00eda y el dolor cr\u00f3nico<\/p>\n\n\n\n<p class=\"wp-block-paragraph\">El <a href=\"https:\/\/www.nebrijamallorca.com\/\">Centro Universitario Nebrija Mallorca<\/a> acogi\u00f3 ayer, 24 de agosto, una nueva entrega de la <a href=\"https:\/\/www.nebrijamallorca.com\/academia-ciudadana-de-salud-nebrija.php\"><strong>Academia Ciudadana de Salud<\/strong>.<\/a> <\/p>\n\n\n\n<p class=\"wp-block-paragraph\">En esta ocasi\u00f3n, el ciclo de conferencias <em><a href=\"https:\/\/www.nebrijamallorca.com\/academia-ciudadana-de-salud-nebrija.php\">Health Talks by Nebrija<\/a><\/em> ofreci\u00f3 una sesi\u00f3n online centrada en el dolor cr\u00f3nico y en el papel clave que desempe\u00f1a la enfermer\u00eda en el seguimiento y acompa\u00f1amiento de los pacientes.<\/p>\n\n\n\n<h4 class=\"wp-block-heading\">Atenci\u00f3n integral y abordaje basado en la evidencia<\/h4>\n\n\n\n<p class=\"wp-block-paragraph\">El dolor cr\u00f3nico condiciona severamente el bienestar y la autonom\u00eda de millones de personas. Durante la jornada, impartida por el <strong>Dr. Eduardo Cimadevilla<\/strong> \u2014doctor en Ciencias de la Salud y enfermero\u2014, se analiz\u00f3 c\u00f3mo la pr\u00e1ctica enfermera ayuda a mitigar este impacto a trav\u00e9s de un enfoque cient\u00edfico e interdisciplinar.<\/p>\n\n\n\n<h5 class=\"wp-block-heading\">Ejes de intervenci\u00f3n en el cuidado del dolor:<\/h5>\n\n\n\n<ul class=\"wp-block-list\">\n<li><strong>Valoraci\u00f3n y seguimiento:<\/strong> Herramientas para la evaluaci\u00f3n continuada del dolor y la efectividad de los tratamientos.<\/li>\n\n\n\n<li><strong>Educaci\u00f3n sanitaria:<\/strong> Estrategias pedag\u00f3gicas para capacitar al paciente en la gesti\u00f3n cotidiana de sus s\u00edntomas.<\/li>\n\n\n\n<li><strong>Atenci\u00f3n centrada en la persona:<\/strong> Coordinaci\u00f3n del equipo de salud para ofrecer un acompa\u00f1amiento adaptado a las necesidades de cada usuario.<\/li>\n<\/ul>\n\n\n\n<h4 class=\"wp-block-heading\">\u00c9xito de participaci\u00f3n y compromiso con la divulgaci\u00f3n<\/h4>\n\n\n\n<p class=\"wp-block-paragraph\">Los asistentes destacaron la cercan\u00eda del ponente y el valor de las explicaciones. Al finalizar la exposici\u00f3n, se abri\u00f3 un turno de preguntas para resolver dudas en directo.<\/p>\n\n\n\n<p class=\"wp-block-paragraph\">Tras la buena respuesta recibida, la organizaci\u00f3n ha confirmado que <strong>continuar\u00e1 con nuevas sesiones en las pr\u00f3ximas semanas<\/strong> para seguir acercando la medicina y el cuidado de la salud a toda la sociedad.<\/p>\n\n\n\n<p class=\"wp-block-paragraph\"><\/p>\n","protected":false},"excerpt":{"rendered":"<p>El papel la enfermer\u00eda y el dolor cr\u00f3nico El Centro Universitario Nebrija Mallorca acogi\u00f3 ayer, 24 de agosto, una nueva entrega de la Academia Ciudadana de Salud. En esta ocasi\u00f3n, el ciclo de conferencias Health Talks by Nebrija ofreci\u00f3 una sesi\u00f3n online centrada en el dolor cr\u00f3nico y en el papel clave que desempe\u00f1a la [&hellip;]<\/p>\n","protected":false},"author":3,"featured_media":265,"comment_status":"closed","ping_status":"closed","sticky":false,"template":"","format":"standard","meta":{"footnotes":""},"categories":[22,60,11],"tags":[15,61,13,28],"class_list":["post-264","post","type-post","status-publish","format-standard","has-post-thumbnail","hentry","category-estudiar-enfermeria-en-mallorca","category-health-talks-by-nebrija","category-nebrija-mallorca","tag-enfermeria-nebrija","tag-health-talks-by-nebrija","tag-nebrija-mallorca","tag-sesion-informativa"],"yoast_head":"<!-- This site is optimized with the Yoast SEO plugin v27.7 - https:\/\/yoast.com\/product\/yoast-seo-wordpress\/ -->\n<title>Gran acogida de la jornada el papel la enfermer\u00eda y el dolor cr\u00f3nico<\/title>\n<meta name=\"description\" content=\"La Academia Ciudadana de Salud de Nebrija Mallorca acogi\u00f3 la jornada online sobre el papel la enfermer\u00eda y el dolor cr\u00f3nico\" \/>\n<meta name=\"robots\" content=\"index, follow, max-snippet:-1, max-image-preview:large, max-video-preview:-1\" \/>\n<link rel=\"canonical\" href=\"https:\/\/www.nebrijamallorca.com\/blog\/2026\/08\/25\/enfermeria-dolor-cronico-health-talks-nebrija-mallorca\/\" \/>\n<meta property=\"og:locale\" content=\"es_ES\" \/>\n<meta property=\"og:type\" content=\"article\" \/>\n<meta property=\"og:title\" content=\"Gran acogida de la jornada el papel la enfermer\u00eda y el dolor cr\u00f3nico\" \/>\n<meta property=\"og:description\" content=\"La Academia Ciudadana de Salud de Nebrija Mallorca acogi\u00f3 la jornada online sobre el papel la enfermer\u00eda y el dolor cr\u00f3nico\" \/>\n<meta property=\"og:url\" content=\"https:\/\/www.nebrijamallorca.com\/blog\/2026\/08\/25\/enfermeria-dolor-cronico-health-talks-nebrija-mallorca\/\" \/>\n<meta property=\"og:site_name\" content=\"Actualidad Nebrija Mallorca\" \/>\n<meta property=\"article:published_time\" content=\"2026-08-25T09:41:32+00:00\" \/>\n<meta property=\"article:modified_time\" content=\"2026-08-25T09:43:20+00:00\" \/>\n<meta property=\"og:image\" content=\"https:\/\/www.nebrijamallorca.com\/blog\/wp-content\/uploads\/2026\/08\/20260824_163358000_iOS-1024x473.png\" \/>\n\t<meta property=\"og:image:width\" content=\"1024\" \/>\n\t<meta property=\"og:image:height\" content=\"473\" \/>\n\t<meta property=\"og:image:type\" content=\"image\/png\" \/>\n<meta name=\"author\" content=\"Maria Olivares\" \/>\n<meta name=\"twitter:card\" content=\"summary_large_image\" \/>\n<meta name=\"twitter:label1\" content=\"Escrito por\" \/>\n\t<meta name=\"twitter:data1\" content=\"Maria Olivares\" \/>\n\t<meta name=\"twitter:label2\" content=\"Tiempo de lectura\" \/>\n\t<meta name=\"twitter:data2\" content=\"2 minutos\" \/>\n<script type=\"application\/ld+json\" class=\"yoast-schema-graph\">{\"@context\":\"https:\\\/\\\/schema.org\",\"@graph\":[{\"@type\":\"Article\",\"@id\":\"https:\\\/\\\/www.nebrijamallorca.com\\\/blog\\\/2026\\\/08\\\/25\\\/enfermeria-dolor-cronico-health-talks-nebrija-mallorca\\\/#article\",\"isPartOf\":{\"@id\":\"https:\\\/\\\/www.nebrijamallorca.com\\\/blog\\\/2026\\\/08\\\/25\\\/enfermeria-dolor-cronico-health-talks-nebrija-mallorca\\\/\"},\"author\":{\"name\":\"Maria Olivares\",\"@id\":\"https:\\\/\\\/www.nebrijamallorca.com\\\/blog\\\/#\\\/schema\\\/person\\\/9ace66970ac827179a4945f143c39498\"},\"headline\":\"Gran acogida de la jornada online sobre el papel de la enfermer\u00eda y dolor cr\u00f3nico\",\"datePublished\":\"2026-08-25T09:41:32+00:00\",\"dateModified\":\"2026-08-25T09:43:20+00:00\",\"mainEntityOfPage\":{\"@id\":\"https:\\\/\\\/www.nebrijamallorca.com\\\/blog\\\/2026\\\/08\\\/25\\\/enfermeria-dolor-cronico-health-talks-nebrija-mallorca\\\/\"},\"wordCount\":298,\"publisher\":{\"@id\":\"https:\\\/\\\/www.nebrijamallorca.com\\\/blog\\\/#organization\"},\"image\":{\"@id\":\"https:\\\/\\\/www.nebrijamallorca.com\\\/blog\\\/2026\\\/08\\\/25\\\/enfermeria-dolor-cronico-health-talks-nebrija-mallorca\\\/#primaryimage\"},\"thumbnailUrl\":\"https:\\\/\\\/www.nebrijamallorca.com\\\/blog\\\/wp-content\\\/uploads\\\/2026\\\/08\\\/20260824_163358000_iOS.png\",\"keywords\":[\"Enfermer\u00eda nebrija\",\"Health Talks By Nebrija\",\"Nebrija Mallorca\",\"Sesi\u00f3n Informativa\"],\"articleSection\":[\"Estudiar enfermer\u00eda en Mallorca\",\"Health Talks by Nebrija\",\"Nebrija Mallorca\"],\"inLanguage\":\"es\"},{\"@type\":\"WebPage\",\"@id\":\"https:\\\/\\\/www.nebrijamallorca.com\\\/blog\\\/2026\\\/08\\\/25\\\/enfermeria-dolor-cronico-health-talks-nebrija-mallorca\\\/\",\"url\":\"https:\\\/\\\/www.nebrijamallorca.com\\\/blog\\\/2026\\\/08\\\/25\\\/enfermeria-dolor-cronico-health-talks-nebrija-mallorca\\\/\",\"name\":\"Gran acogida de la jornada el papel la enfermer\u00eda y el dolor cr\u00f3nico\",\"isPartOf\":{\"@id\":\"https:\\\/\\\/www.nebrijamallorca.com\\\/blog\\\/#website\"},\"primaryImageOfPage\":{\"@id\":\"https:\\\/\\\/www.nebrijamallorca.com\\\/blog\\\/2026\\\/08\\\/25\\\/enfermeria-dolor-cronico-health-talks-nebrija-mallorca\\\/#primaryimage\"},\"image\":{\"@id\":\"https:\\\/\\\/www.nebrijamallorca.com\\\/blog\\\/2026\\\/08\\\/25\\\/enfermeria-dolor-cronico-health-talks-nebrija-mallorca\\\/#primaryimage\"},\"thumbnailUrl\":\"https:\\\/\\\/www.nebrijamallorca.com\\\/blog\\\/wp-content\\\/uploads\\\/2026\\\/08\\\/20260824_163358000_iOS.png\",\"datePublished\":\"2026-08-25T09:41:32+00:00\",\"dateModified\":\"2026-08-25T09:43:20+00:00\",\"description\":\"La Academia Ciudadana de Salud de Nebrija Mallorca acogi\u00f3 la jornada online sobre el papel la enfermer\u00eda y el dolor cr\u00f3nico\",\"breadcrumb\":{\"@id\":\"https:\\\/\\\/www.nebrijamallorca.com\\\/blog\\\/2026\\\/08\\\/25\\\/enfermeria-dolor-cronico-health-talks-nebrija-mallorca\\\/#breadcrumb\"},\"inLanguage\":\"es\",\"potentialAction\":[{\"@type\":\"ReadAction\",\"target\":[\"https:\\\/\\\/www.nebrijamallorca.com\\\/blog\\\/2026\\\/08\\\/25\\\/enfermeria-dolor-cronico-health-talks-nebrija-mallorca\\\/\"]}]},{\"@type\":\"ImageObject\",\"inLanguage\":\"es\",\"@id\":\"https:\\\/\\\/www.nebrijamallorca.com\\\/blog\\\/2026\\\/08\\\/25\\\/enfermeria-dolor-cronico-health-talks-nebrija-mallorca\\\/#primaryimage\",\"url\":\"https:\\\/\\\/www.nebrijamallorca.com\\\/blog\\\/wp-content\\\/uploads\\\/2026\\\/08\\\/20260824_163358000_iOS.png\",\"contentUrl\":\"https:\\\/\\\/www.nebrijamallorca.com\\\/blog\\\/wp-content\\\/uploads\\\/2026\\\/08\\\/20260824_163358000_iOS.png\",\"width\":2532,\"height\":1170},{\"@type\":\"BreadcrumbList\",\"@id\":\"https:\\\/\\\/www.nebrijamallorca.com\\\/blog\\\/2026\\\/08\\\/25\\\/enfermeria-dolor-cronico-health-talks-nebrija-mallorca\\\/#breadcrumb\",\"itemListElement\":[{\"@type\":\"ListItem\",\"position\":1,\"name\":\"Portada\",\"item\":\"https:\\\/\\\/www.nebrijamallorca.com\\\/blog\\\/\"},{\"@type\":\"ListItem\",\"position\":2,\"name\":\"Gran acogida de la jornada online sobre el papel de la enfermer\u00eda y dolor cr\u00f3nico\"}]},{\"@type\":\"WebSite\",\"@id\":\"https:\\\/\\\/www.nebrijamallorca.com\\\/blog\\\/#website\",\"url\":\"https:\\\/\\\/www.nebrijamallorca.com\\\/blog\\\/\",\"name\":\"blog\",\"description\":\"\",\"publisher\":{\"@id\":\"https:\\\/\\\/www.nebrijamallorca.com\\\/blog\\\/#organization\"},\"potentialAction\":[{\"@type\":\"SearchAction\",\"target\":{\"@type\":\"EntryPoint\",\"urlTemplate\":\"https:\\\/\\\/www.nebrijamallorca.com\\\/blog\\\/?s={search_term_string}\"},\"query-input\":{\"@type\":\"PropertyValueSpecification\",\"valueRequired\":true,\"valueName\":\"search_term_string\"}}],\"inLanguage\":\"es\"},{\"@type\":\"Organization\",\"@id\":\"https:\\\/\\\/www.nebrijamallorca.com\\\/blog\\\/#organization\",\"name\":\"Centro Universitario Instituto Nebrija Mallorca\",\"url\":\"https:\\\/\\\/www.nebrijamallorca.com\\\/blog\\\/\",\"logo\":{\"@type\":\"ImageObject\",\"inLanguage\":\"es\",\"@id\":\"https:\\\/\\\/www.nebrijamallorca.com\\\/blog\\\/#\\\/schema\\\/logo\\\/image\\\/\",\"url\":\"https:\\\/\\\/www.nebrijamallorca.com\\\/blog\\\/wp-content\\\/uploads\\\/2026\\\/05\\\/logo-CUINM.svg\",\"contentUrl\":\"https:\\\/\\\/www.nebrijamallorca.com\\\/blog\\\/wp-content\\\/uploads\\\/2026\\\/05\\\/logo-CUINM.svg\",\"width\":974,\"height\":221,\"caption\":\"Centro Universitario Instituto Nebrija Mallorca\"},\"image\":{\"@id\":\"https:\\\/\\\/www.nebrijamallorca.com\\\/blog\\\/#\\\/schema\\\/logo\\\/image\\\/\"},\"sameAs\":[\"https:\\\/\\\/www.instagram.com\\\/cuinebrija_mallorca\\\/\",\"https:\\\/\\\/www.linkedin.com\\\/company\\\/centro-universitario-instituto-nebrija-mallorca\\\/\"]},{\"@type\":\"Person\",\"@id\":\"https:\\\/\\\/www.nebrijamallorca.com\\\/blog\\\/#\\\/schema\\\/person\\\/9ace66970ac827179a4945f143c39498\",\"name\":\"Maria Olivares\",\"image\":{\"@type\":\"ImageObject\",\"inLanguage\":\"es\",\"@id\":\"https:\\\/\\\/secure.gravatar.com\\\/avatar\\\/077374ce6cf5a3ce8c7ab4ba4733f03fbf0a9341688ee68f2fa8c68bbac82a3b?s=96&d=mm&r=g\",\"url\":\"https:\\\/\\\/secure.gravatar.com\\\/avatar\\\/077374ce6cf5a3ce8c7ab4ba4733f03fbf0a9341688ee68f2fa8c68bbac82a3b?s=96&d=mm&r=g\",\"contentUrl\":\"https:\\\/\\\/secure.gravatar.com\\\/avatar\\\/077374ce6cf5a3ce8c7ab4ba4733f03fbf0a9341688ee68f2fa8c68bbac82a3b?s=96&d=mm&r=g\",\"caption\":\"Maria Olivares\"},\"sameAs\":[\"https:\\\/\\\/www.linkedin.com\\\/in\\\/mariaolivarescomunicacion\\\/\"],\"url\":\"https:\\\/\\\/www.nebrijamallorca.com\\\/blog\\\/author\\\/maria-olivares\\\/\"}]}<\/script>\n<!-- \/ Yoast SEO plugin. -->","yoast_head_json":{"title":"Gran acogida de la jornada el papel la enfermer\u00eda y el dolor cr\u00f3nico","description":"La Academia Ciudadana de Salud de Nebrija Mallorca acogi\u00f3 la jornada online sobre el papel la enfermer\u00eda y el dolor cr\u00f3nico","robots":{"index":"index","follow":"follow","max-snippet":"max-snippet:-1","max-image-preview":"max-image-preview:large","max-video-preview":"max-video-preview:-1"},"canonical":"https:\/\/www.nebrijamallorca.com\/blog\/2026\/08\/25\/enfermeria-dolor-cronico-health-talks-nebrija-mallorca\/","og_locale":"es_ES","og_type":"article","og_title":"Gran acogida de la jornada el papel la enfermer\u00eda y el dolor cr\u00f3nico","og_description":"La Academia Ciudadana de Salud de Nebrija Mallorca acogi\u00f3 la jornada online sobre el papel la enfermer\u00eda y el dolor cr\u00f3nico","og_url":"https:\/\/www.nebrijamallorca.com\/blog\/2026\/08\/25\/enfermeria-dolor-cronico-health-talks-nebrija-mallorca\/","og_site_name":"Actualidad Nebrija Mallorca","article_published_time":"2026-08-25T09:41:32+00:00","article_modified_time":"2026-08-25T09:43:20+00:00","og_image":[{"width":1024,"height":473,"url":"https:\/\/www.nebrijamallorca.com\/blog\/wp-content\/uploads\/2026\/08\/20260824_163358000_iOS-1024x473.png","type":"image\/png"}],"author":"Maria Olivares","twitter_card":"summary_large_image","twitter_misc":{"Escrito por":"Maria Olivares","Tiempo de lectura":"2 minutos"},"schema":{"@context":"https:\/\/schema.org","@graph":[{"@type":"Article","@id":"https:\/\/www.nebrijamallorca.com\/blog\/2026\/08\/25\/enfermeria-dolor-cronico-health-talks-nebrija-mallorca\/#article","isPartOf":{"@id":"https:\/\/www.nebrijamallorca.com\/blog\/2026\/08\/25\/enfermeria-dolor-cronico-health-talks-nebrija-mallorca\/"},"author":{"name":"Maria Olivares","@id":"https:\/\/www.nebrijamallorca.com\/blog\/#\/schema\/person\/9ace66970ac827179a4945f143c39498"},"headline":"Gran acogida de la jornada online sobre el papel de la enfermer\u00eda y dolor cr\u00f3nico","datePublished":"2026-08-25T09:41:32+00:00","dateModified":"2026-08-25T09:43:20+00:00","mainEntityOfPage":{"@id":"https:\/\/www.nebrijamallorca.com\/blog\/2026\/08\/25\/enfermeria-dolor-cronico-health-talks-nebrija-mallorca\/"},"wordCount":298,"publisher":{"@id":"https:\/\/www.nebrijamallorca.com\/blog\/#organization"},"image":{"@id":"https:\/\/www.nebrijamallorca.com\/blog\/2026\/08\/25\/enfermeria-dolor-cronico-health-talks-nebrija-mallorca\/#primaryimage"},"thumbnailUrl":"https:\/\/www.nebrijamallorca.com\/blog\/wp-content\/uploads\/2026\/08\/20260824_163358000_iOS.png","keywords":["Enfermer\u00eda nebrija","Health Talks By Nebrija","Nebrija Mallorca","Sesi\u00f3n Informativa"],"articleSection":["Estudiar enfermer\u00eda en Mallorca","Health Talks by Nebrija","Nebrija Mallorca"],"inLanguage":"es"},{"@type":"WebPage","@id":"https:\/\/www.nebrijamallorca.com\/blog\/2026\/08\/25\/enfermeria-dolor-cronico-health-talks-nebrija-mallorca\/","url":"https:\/\/www.nebrijamallorca.com\/blog\/2026\/08\/25\/enfermeria-dolor-cronico-health-talks-nebrija-mallorca\/","name":"Gran acogida de la jornada el papel la enfermer\u00eda y el dolor cr\u00f3nico","isPartOf":{"@id":"https:\/\/www.nebrijamallorca.com\/blog\/#website"},"primaryImageOfPage":{"@id":"https:\/\/www.nebrijamallorca.com\/blog\/2026\/08\/25\/enfermeria-dolor-cronico-health-talks-nebrija-mallorca\/#primaryimage"},"image":{"@id":"https:\/\/www.nebrijamallorca.com\/blog\/2026\/08\/25\/enfermeria-dolor-cronico-health-talks-nebrija-mallorca\/#primaryimage"},"thumbnailUrl":"https:\/\/www.nebrijamallorca.com\/blog\/wp-content\/uploads\/2026\/08\/20260824_163358000_iOS.png","datePublished":"2026-08-25T09:41:32+00:00","dateModified":"2026-08-25T09:43:20+00:00","description":"La Academia Ciudadana de Salud de Nebrija Mallorca acogi\u00f3 la jornada online sobre el papel la enfermer\u00eda y el dolor cr\u00f3nico","breadcrumb":{"@id":"https:\/\/www.nebrijamallorca.com\/blog\/2026\/08\/25\/enfermeria-dolor-cronico-health-talks-nebrija-mallorca\/#breadcrumb"},"inLanguage":"es","potentialAction":[{"@type":"ReadAction","target":["https:\/\/www.nebrijamallorca.com\/blog\/2026\/08\/25\/enfermeria-dolor-cronico-health-talks-nebrija-mallorca\/"]}]},{"@type":"ImageObject","inLanguage":"es","@id":"https:\/\/www.nebrijamallorca.com\/blog\/2026\/08\/25\/enfermeria-dolor-cronico-health-talks-nebrija-mallorca\/#primaryimage","url":"https:\/\/www.nebrijamallorca.com\/blog\/wp-content\/uploads\/2026\/08\/20260824_163358000_iOS.png","contentUrl":"https:\/\/www.nebrijamallorca.com\/blog\/wp-content\/uploads\/2026\/08\/20260824_163358000_iOS.png","width":2532,"height":1170},{"@type":"BreadcrumbList","@id":"https:\/\/www.nebrijamallorca.com\/blog\/2026\/08\/25\/enfermeria-dolor-cronico-health-talks-nebrija-mallorca\/#breadcrumb","itemListElement":[{"@type":"ListItem","position":1,"name":"Portada","item":"https:\/\/www.nebrijamallorca.com\/blog\/"},{"@type":"ListItem","position":2,"name":"Gran acogida de la jornada online sobre el papel de la enfermer\u00eda y dolor cr\u00f3nico"}]},{"@type":"WebSite","@id":"https:\/\/www.nebrijamallorca.com\/blog\/#website","url":"https:\/\/www.nebrijamallorca.com\/blog\/","name":"blog","description":"","publisher":{"@id":"https:\/\/www.nebrijamallorca.com\/blog\/#organization"},"potentialAction":[{"@type":"SearchAction","target":{"@type":"EntryPoint","urlTemplate":"https:\/\/www.nebrijamallorca.com\/blog\/?s={search_term_string}"},"query-input":{"@type":"PropertyValueSpecification","valueRequired":true,"valueName":"search_term_string"}}],"inLanguage":"es"},{"@type":"Organization","@id":"https:\/\/www.nebrijamallorca.com\/blog\/#organization","name":"Centro Universitario Instituto Nebrija Mallorca","url":"https:\/\/www.nebrijamallorca.com\/blog\/","logo":{"@type":"ImageObject","inLanguage":"es","@id":"https:\/\/www.nebrijamallorca.com\/blog\/#\/schema\/logo\/image\/","url":"https:\/\/www.nebrijamallorca.com\/blog\/wp-content\/uploads\/2026\/05\/logo-CUINM.svg","contentUrl":"https:\/\/www.nebrijamallorca.com\/blog\/wp-content\/uploads\/2026\/05\/logo-CUINM.svg","width":974,"height":221,"caption":"Centro Universitario Instituto Nebrija Mallorca"},"image":{"@id":"https:\/\/www.nebrijamallorca.com\/blog\/#\/schema\/logo\/image\/"},"sameAs":["https:\/\/www.instagram.com\/cuinebrija_mallorca\/","https:\/\/www.linkedin.com\/company\/centro-universitario-instituto-nebrija-mallorca\/"]},{"@type":"Person","@id":"https:\/\/www.nebrijamallorca.com\/blog\/#\/schema\/person\/9ace66970ac827179a4945f143c39498","name":"Maria Olivares","image":{"@type":"ImageObject","inLanguage":"es","@id":"https:\/\/secure.gravatar.com\/avatar\/077374ce6cf5a3ce8c7ab4ba4733f03fbf0a9341688ee68f2fa8c68bbac82a3b?s=96&d=mm&r=g","url":"https:\/\/secure.gravatar.com\/avatar\/077374ce6cf5a3ce8c7ab4ba4733f03fbf0a9341688ee68f2fa8c68bbac82a3b?s=96&d=mm&r=g","contentUrl":"https:\/\/secure.gravatar.com\/avatar\/077374ce6cf5a3ce8c7ab4ba4733f03fbf0a9341688ee68f2fa8c68bbac82a3b?s=96&d=mm&r=g","caption":"Maria Olivares"},"sameAs":["https:\/\/www.linkedin.com\/in\/mariaolivarescomunicacion\/"],"url":"https:\/\/www.nebrijamallorca.com\/blog\/author\/maria-olivares\/"}]}},"_links":{"self":[{"href":"https:\/\/www.nebrijamallorca.com\/blog\/wp-json\/wp\/v2\/posts\/264","targetHints":{"allow":["GET"]}}],"collection":[{"href":"https:\/\/www.nebrijamallorca.com\/blog\/wp-json\/wp\/v2\/posts"}],"about":[{"href":"https:\/\/www.nebrijamallorca.com\/blog\/wp-json\/wp\/v2\/types\/post"}],"author":[{"embeddable":true,"href":"https:\/\/www.nebrijamallorca.com\/blog\/wp-json\/wp\/v2\/users\/3"}],"replies":[{"embeddable":true,"href":"https:\/\/www.nebrijamallorca.com\/blog\/wp-json\/wp\/v2\/comments?post=264"}],"version-history":[{"count":2,"href":"https:\/\/www.nebrijamallorca.com\/blog\/wp-json\/wp\/v2\/posts\/264\/revisions"}],"predecessor-version":[{"id":267,"href":"https:\/\/www.nebrijamallorca.com\/blog\/wp-json\/wp\/v2\/posts\/264\/revisions\/267"}],"wp:featuredmedia":[{"embeddable":true,"href":"https:\/\/www.nebrijamallorca.com\/blog\/wp-json\/wp\/v2\/media\/265"}],"wp:attachment":[{"href":"https:\/\/www.nebrijamallorca.com\/blog\/wp-json\/wp\/v2\/media?parent=264"}],"wp:term":[{"taxonomy":"category","embeddable":true,"href":"https:\/\/www.nebrijamallorca.com\/blog\/wp-json\/wp\/v2\/categories?post=264"},{"taxonomy":"post_tag","embeddable":true,"href":"https:\/\/www.nebrijamallorca.com\/blog\/wp-json\/wp\/v2\/tags?post=264"}],"curies":[{"name":"wp","href":"https:\/\/api.w.org\/{rel}","templated":true}]}}