{"id":94,"date":"2026-06-29T15:08:26","date_gmt":"2026-06-29T13:08:26","guid":{"rendered":"https:\/\/www.nebrijamallorca.com\/blog\/?p=94"},"modified":"2026-06-02T15:34:22","modified_gmt":"2026-06-02T13:34:22","slug":"la-enfermeria-del-manana-tecnologia-salud","status":"publish","type":"post","link":"https:\/\/www.nebrijamallorca.com\/blog\/2026\/06\/29\/la-enfermeria-del-manana-tecnologia-salud\/","title":{"rendered":"La enfermer\u00eda del ma\u00f1ana: \u00bfC\u00f3mo est\u00e1 cambiando la tecnolog\u00eda el cuidado del paciente?"},"content":{"rendered":"\n<p class=\"wp-block-paragraph\">Estudiar enfermer\u00eda en Mallorca Nebrija<\/p>\n\n\n\n<figure class=\"wp-block-image size-large\"><img loading=\"lazy\" decoding=\"async\" width=\"1024\" height=\"683\" src=\"https:\/\/www.nebrijamallorca.com\/blog\/wp-content\/uploads\/2026\/06\/pexels-gustavo-fring-3985163-1024x683.jpg\" alt=\"\" class=\"wp-image-95\" srcset=\"https:\/\/www.nebrijamallorca.com\/blog\/wp-content\/uploads\/2026\/06\/pexels-gustavo-fring-3985163-1024x683.jpg 1024w, https:\/\/www.nebrijamallorca.com\/blog\/wp-content\/uploads\/2026\/06\/pexels-gustavo-fring-3985163-300x200.jpg 300w, https:\/\/www.nebrijamallorca.com\/blog\/wp-content\/uploads\/2026\/06\/pexels-gustavo-fring-3985163-768x512.jpg 768w, https:\/\/www.nebrijamallorca.com\/blog\/wp-content\/uploads\/2026\/06\/pexels-gustavo-fring-3985163-1536x1024.jpg 1536w, https:\/\/www.nebrijamallorca.com\/blog\/wp-content\/uploads\/2026\/06\/pexels-gustavo-fring-3985163-2048x1365.jpg 2048w\" sizes=\"auto, (max-width: 1024px) 100vw, 1024px\" \/><\/figure>\n\n\n\n<p class=\"wp-block-paragraph\">La imagen tradicional del profesional de enfermer\u00eda con un bloc de notas y un term\u00f3metro de mercurio ha pasado a la historia. Hoy en d\u00eda, la tecnolog\u00eda avanza a pasos agigantados y los hospitales ya est\u00e1n viviendo una aut\u00e9ntica revoluci\u00f3n digital.<\/p>\n\n\n\n<p class=\"wp-block-paragraph\">Sin embargo, ante tanta pantalla, algoritmos y automatizaci\u00f3n, surge la gran pregunta: \u00bfperder\u00e1 la enfermer\u00eda su esencia humana? La respuesta es un rotundo no. La tecnolog\u00eda no viene a sustituir el cuidado, sino a liberarnos de la burocracia para que podamos hacer lo que mejor se nos da: atender a las personas.<\/p>\n\n\n\n<p class=\"wp-block-paragraph\">A continuaci\u00f3n, analizamos las tres grandes innovaciones que ya est\u00e1n modelando la enfermer\u00eda del ma\u00f1ana<a href=\"https:\/\/www.nebrijamallorca.com\/\">.<\/a><\/p>\n\n\n\n<h4 class=\"wp-block-heading\">1. Realidad Virtual y Simulaci\u00f3n Cl\u00ednica: Aprender sin riesgo<\/h4>\n\n\n\n<p class=\"wp-block-paragraph\">Imag\u00ednate enfrentarte a una parada cardiorrespiratoria o a una crisis de urgencias por primera vez, pero en un entorno 100% controlado. Eso ya es una realidad gracias a los laboratorios de simulaci\u00f3n de alta fidelidad y la Realidad Virtual (RV).<\/p>\n\n\n\n<ul class=\"wp-block-list\">\n<li>\u00bfC\u00f3mo funciona? Los estudiantes interact\u00faan con maniqu\u00edes robotizados que lloran, sangran, sufren arritmias y reaccionan a los medicamentos en tiempo real.<\/li>\n\n\n\n<li>El beneficio: Permite equivocarse, aprender del error y ganar una seguridad tremenda antes de tocar a un paciente real en las pr\u00e1cticas hospitalarias.<\/li>\n<\/ul>\n\n\n\n<h4 class=\"wp-block-heading\">2. Inteligencia Artificial y \u00abBig Data\u00bb: Anticiparse a la enfermedad<\/h4>\n\n\n\n<p class=\"wp-block-paragraph\">La IA no va a diagnosticar por el enfermero, pero s\u00ed va a ser su mejor aliada. Los hospitales modernos recogen miles de datos por segundo de cada paciente ingresado.<\/p>\n\n\n\n<ul class=\"wp-block-list\">\n<li>Sistemas de alerta temprana: Los nuevos softwares analizan las constantes vitales de forma continua. Si detectan una m\u00ednima tendencia negativa (que el ojo humano tardar\u00eda horas en notar), el sistema avisa al equipo de enfermer\u00eda.<\/li>\n\n\n\n<li>Menos papeleo, m\u00e1s tiempo: La IA automatiza el registro de datos en el historial cl\u00ednico, lo que reduce dr\u00e1sticamente las horas que los enfermeros pasan tecleando frente al ordenador.<\/li>\n<\/ul>\n\n\n\n<figure class=\"wp-block-image size-large\"><img loading=\"lazy\" decoding=\"async\" width=\"1024\" height=\"759\" src=\"https:\/\/www.nebrijamallorca.com\/blog\/wp-content\/uploads\/2026\/06\/jeshoots-com-l0j0DHVWcIE-unsplash-1024x759.jpg\" alt=\"\" class=\"wp-image-96\" srcset=\"https:\/\/www.nebrijamallorca.com\/blog\/wp-content\/uploads\/2026\/06\/jeshoots-com-l0j0DHVWcIE-unsplash-1024x759.jpg 1024w, https:\/\/www.nebrijamallorca.com\/blog\/wp-content\/uploads\/2026\/06\/jeshoots-com-l0j0DHVWcIE-unsplash-300x222.jpg 300w, https:\/\/www.nebrijamallorca.com\/blog\/wp-content\/uploads\/2026\/06\/jeshoots-com-l0j0DHVWcIE-unsplash-768x569.jpg 768w, https:\/\/www.nebrijamallorca.com\/blog\/wp-content\/uploads\/2026\/06\/jeshoots-com-l0j0DHVWcIE-unsplash-1536x1139.jpg 1536w, https:\/\/www.nebrijamallorca.com\/blog\/wp-content\/uploads\/2026\/06\/jeshoots-com-l0j0DHVWcIE-unsplash-2048x1519.jpg 2048w\" sizes=\"auto, (max-width: 1024px) 100vw, 1024px\" \/><\/figure>\n\n\n\n<h4 class=\"wp-block-heading\">3. Telemedicina y Wearables: El hospital en casa<\/h4>\n\n\n\n<p class=\"wp-block-paragraph\">El cuidado ya no se limita a las paredes del hospital o del centro de salud. Con el envejecimiento de la poblaci\u00f3n en Mallorca, la atenci\u00f3n domiciliaria es clave.<\/p>\n\n\n\n<ul class=\"wp-block-list\">\n<li>Parches y relojes inteligentes: Los pacientes cr\u00f3nicos pueden ser monitorizados desde sus casas. Sus niveles de glucosa, tensi\u00f3n o ritmo card\u00edaco llegan directamente a la pantalla del enfermero de atenci\u00f3n primaria.<\/li>\n\n\n\n<li>Videoconsultas de seguimiento: Evitan desplazamientos innecesarios a personas mayores o con movilidad reducida, manteniendo un contacto estrecho y constante.<\/li>\n<\/ul>\n\n\n\n<h4 class=\"wp-block-heading\">El verdadero reto: el humanismo Digital<\/h4>\n\n\n\n<p class=\"wp-block-paragraph\">En Nebrija tenemos una m\u00e1xima: cuanta m\u00e1s tecnolog\u00eda utilicemos, m\u00e1s humana debe ser nuestra atenci\u00f3n.<\/p>\n\n\n\n<p class=\"wp-block-paragraph\">La enfermer\u00eda del ma\u00f1ana no se compone de t\u00e9cnicos que solo miran pantallas; se compone de profesionales altamente cualificados que dominan la tecnolog\u00eda para usarla como un puente, no como una barrera. El tiempo que la IA nos ahorra en rellenar informes, lo invertiremos en mirar a los ojos al paciente, escuchar sus miedos y ofrecerle el apoyo emocional que ninguna m\u00e1quina podr\u00e1 replicar. \u00a0 \u00a0 \u00a0 \u00a0 \u00a0 \u00a0 \u00a0<\/p>\n\n\n\n<p class=\"wp-block-paragraph\">\u00bfQuieres liderar la sanidad del futuro? El nuevo Centro Universitario Nebrija Mallorca (Manacor) abre sus puertas con el Grado en Enfermer\u00eda, equipado con tecnolog\u00eda de vanguardia y convenios con los mejores hospitales de las islas.<\/p>\n\n\n\n<p class=\"wp-block-paragraph\"><\/p>\n","protected":false},"excerpt":{"rendered":"<p>Estudiar enfermer\u00eda en Mallorca Nebrija La imagen tradicional del profesional de enfermer\u00eda con un bloc de notas y un term\u00f3metro de mercurio ha pasado a la historia. Hoy en d\u00eda, la tecnolog\u00eda avanza a pasos agigantados y los hospitales ya est\u00e1n viviendo una aut\u00e9ntica revoluci\u00f3n digital. Sin embargo, ante tanta pantalla, algoritmos y automatizaci\u00f3n, surge [&hellip;]<\/p>\n","protected":false},"author":3,"featured_media":95,"comment_status":"open","ping_status":"open","sticky":false,"template":"","format":"standard","meta":{"footnotes":""},"categories":[10],"tags":[],"class_list":["post-94","post","type-post","status-publish","format-standard","has-post-thumbnail","hentry","category-enfermeria-mallorca"],"yoast_head":"<!-- This site is optimized with the Yoast SEO plugin v27.7 - https:\/\/yoast.com\/product\/yoast-seo-wordpress\/ -->\n<title>Enfermer\u00eda del Ma\u00f1ana: Estudiar en Mallorca Nebrija<\/title>\n<meta name=\"description\" content=\"Descubre c\u00f3mo la IA, la realidad virtual y la telemedicina est\u00e1n transformando la enfermer\u00eda. Estudia enfermer\u00eda en Mallorca Nebrija\" \/>\n<meta name=\"robots\" content=\"index, follow, max-snippet:-1, max-image-preview:large, max-video-preview:-1\" \/>\n<link rel=\"canonical\" href=\"https:\/\/www.nebrijamallorca.com\/blog\/2026\/06\/29\/la-enfermeria-del-manana-tecnologia-salud\/\" \/>\n<meta property=\"og:locale\" content=\"es_ES\" \/>\n<meta property=\"og:type\" content=\"article\" \/>\n<meta property=\"og:title\" content=\"Enfermer\u00eda del Ma\u00f1ana: Estudiar en Mallorca Nebrija\" \/>\n<meta property=\"og:description\" content=\"Descubre c\u00f3mo la IA, la realidad virtual y la telemedicina est\u00e1n transformando la enfermer\u00eda. Estudia enfermer\u00eda en Mallorca Nebrija\" \/>\n<meta property=\"og:url\" content=\"https:\/\/www.nebrijamallorca.com\/blog\/2026\/06\/29\/la-enfermeria-del-manana-tecnologia-salud\/\" \/>\n<meta property=\"og:site_name\" content=\"Actualidad Nebrija Mallorca\" \/>\n<meta property=\"article:published_time\" content=\"2026-06-29T13:08:26+00:00\" \/>\n<meta property=\"og:image\" content=\"https:\/\/www.nebrijamallorca.com\/blog\/wp-content\/uploads\/2026\/06\/pexels-gustavo-fring-3985163-scaled.jpg\" \/>\n\t<meta property=\"og:image:width\" content=\"2560\" \/>\n\t<meta property=\"og:image:height\" content=\"1707\" \/>\n\t<meta property=\"og:image:type\" content=\"image\/jpeg\" \/>\n<meta name=\"author\" content=\"Maria Olivares\" \/>\n<meta name=\"twitter:card\" content=\"summary_large_image\" \/>\n<meta name=\"twitter:label1\" content=\"Escrito por\" \/>\n\t<meta name=\"twitter:data1\" content=\"Maria Olivares\" \/>\n\t<meta name=\"twitter:label2\" content=\"Tiempo de lectura\" \/>\n\t<meta name=\"twitter:data2\" content=\"3 minutos\" \/>\n<script type=\"application\/ld+json\" class=\"yoast-schema-graph\">{\"@context\":\"https:\\\/\\\/schema.org\",\"@graph\":[{\"@type\":\"Article\",\"@id\":\"https:\\\/\\\/www.nebrijamallorca.com\\\/blog\\\/2026\\\/06\\\/29\\\/la-enfermeria-del-manana-tecnologia-salud\\\/#article\",\"isPartOf\":{\"@id\":\"https:\\\/\\\/www.nebrijamallorca.com\\\/blog\\\/2026\\\/06\\\/29\\\/la-enfermeria-del-manana-tecnologia-salud\\\/\"},\"author\":{\"name\":\"Maria Olivares\",\"@id\":\"https:\\\/\\\/www.nebrijamallorca.com\\\/blog\\\/#\\\/schema\\\/person\\\/9ace66970ac827179a4945f143c39498\"},\"headline\":\"La enfermer\u00eda del ma\u00f1ana: \u00bfC\u00f3mo est\u00e1 cambiando la tecnolog\u00eda el cuidado del paciente?\",\"datePublished\":\"2026-06-29T13:08:26+00:00\",\"mainEntityOfPage\":{\"@id\":\"https:\\\/\\\/www.nebrijamallorca.com\\\/blog\\\/2026\\\/06\\\/29\\\/la-enfermeria-del-manana-tecnologia-salud\\\/\"},\"wordCount\":577,\"commentCount\":0,\"publisher\":{\"@id\":\"https:\\\/\\\/www.nebrijamallorca.com\\\/blog\\\/#organization\"},\"image\":{\"@id\":\"https:\\\/\\\/www.nebrijamallorca.com\\\/blog\\\/2026\\\/06\\\/29\\\/la-enfermeria-del-manana-tecnologia-salud\\\/#primaryimage\"},\"thumbnailUrl\":\"https:\\\/\\\/www.nebrijamallorca.com\\\/blog\\\/wp-content\\\/uploads\\\/2026\\\/06\\\/pexels-gustavo-fring-3985163-scaled.jpg\",\"articleSection\":[\"Enfermer\u00eda Mallorca\"],\"inLanguage\":\"es\",\"potentialAction\":[{\"@type\":\"CommentAction\",\"name\":\"Comment\",\"target\":[\"https:\\\/\\\/www.nebrijamallorca.com\\\/blog\\\/2026\\\/06\\\/29\\\/la-enfermeria-del-manana-tecnologia-salud\\\/#respond\"]}]},{\"@type\":\"WebPage\",\"@id\":\"https:\\\/\\\/www.nebrijamallorca.com\\\/blog\\\/2026\\\/06\\\/29\\\/la-enfermeria-del-manana-tecnologia-salud\\\/\",\"url\":\"https:\\\/\\\/www.nebrijamallorca.com\\\/blog\\\/2026\\\/06\\\/29\\\/la-enfermeria-del-manana-tecnologia-salud\\\/\",\"name\":\"Enfermer\u00eda del Ma\u00f1ana: Estudiar en Mallorca Nebrija\",\"isPartOf\":{\"@id\":\"https:\\\/\\\/www.nebrijamallorca.com\\\/blog\\\/#website\"},\"primaryImageOfPage\":{\"@id\":\"https:\\\/\\\/www.nebrijamallorca.com\\\/blog\\\/2026\\\/06\\\/29\\\/la-enfermeria-del-manana-tecnologia-salud\\\/#primaryimage\"},\"image\":{\"@id\":\"https:\\\/\\\/www.nebrijamallorca.com\\\/blog\\\/2026\\\/06\\\/29\\\/la-enfermeria-del-manana-tecnologia-salud\\\/#primaryimage\"},\"thumbnailUrl\":\"https:\\\/\\\/www.nebrijamallorca.com\\\/blog\\\/wp-content\\\/uploads\\\/2026\\\/06\\\/pexels-gustavo-fring-3985163-scaled.jpg\",\"datePublished\":\"2026-06-29T13:08:26+00:00\",\"description\":\"Descubre c\u00f3mo la IA, la realidad virtual y la telemedicina est\u00e1n transformando la enfermer\u00eda. Estudia enfermer\u00eda en Mallorca Nebrija\",\"breadcrumb\":{\"@id\":\"https:\\\/\\\/www.nebrijamallorca.com\\\/blog\\\/2026\\\/06\\\/29\\\/la-enfermeria-del-manana-tecnologia-salud\\\/#breadcrumb\"},\"inLanguage\":\"es\",\"potentialAction\":[{\"@type\":\"ReadAction\",\"target\":[\"https:\\\/\\\/www.nebrijamallorca.com\\\/blog\\\/2026\\\/06\\\/29\\\/la-enfermeria-del-manana-tecnologia-salud\\\/\"]}]},{\"@type\":\"ImageObject\",\"inLanguage\":\"es\",\"@id\":\"https:\\\/\\\/www.nebrijamallorca.com\\\/blog\\\/2026\\\/06\\\/29\\\/la-enfermeria-del-manana-tecnologia-salud\\\/#primaryimage\",\"url\":\"https:\\\/\\\/www.nebrijamallorca.com\\\/blog\\\/wp-content\\\/uploads\\\/2026\\\/06\\\/pexels-gustavo-fring-3985163-scaled.jpg\",\"contentUrl\":\"https:\\\/\\\/www.nebrijamallorca.com\\\/blog\\\/wp-content\\\/uploads\\\/2026\\\/06\\\/pexels-gustavo-fring-3985163-scaled.jpg\",\"width\":2560,\"height\":1707},{\"@type\":\"BreadcrumbList\",\"@id\":\"https:\\\/\\\/www.nebrijamallorca.com\\\/blog\\\/2026\\\/06\\\/29\\\/la-enfermeria-del-manana-tecnologia-salud\\\/#breadcrumb\",\"itemListElement\":[{\"@type\":\"ListItem\",\"position\":1,\"name\":\"Portada\",\"item\":\"https:\\\/\\\/www.nebrijamallorca.com\\\/blog\\\/\"},{\"@type\":\"ListItem\",\"position\":2,\"name\":\"La enfermer\u00eda del ma\u00f1ana: \u00bfC\u00f3mo est\u00e1 cambiando la tecnolog\u00eda el cuidado del paciente?\"}]},{\"@type\":\"WebSite\",\"@id\":\"https:\\\/\\\/www.nebrijamallorca.com\\\/blog\\\/#website\",\"url\":\"https:\\\/\\\/www.nebrijamallorca.com\\\/blog\\\/\",\"name\":\"blog\",\"description\":\"\",\"publisher\":{\"@id\":\"https:\\\/\\\/www.nebrijamallorca.com\\\/blog\\\/#organization\"},\"potentialAction\":[{\"@type\":\"SearchAction\",\"target\":{\"@type\":\"EntryPoint\",\"urlTemplate\":\"https:\\\/\\\/www.nebrijamallorca.com\\\/blog\\\/?s={search_term_string}\"},\"query-input\":{\"@type\":\"PropertyValueSpecification\",\"valueRequired\":true,\"valueName\":\"search_term_string\"}}],\"inLanguage\":\"es\"},{\"@type\":\"Organization\",\"@id\":\"https:\\\/\\\/www.nebrijamallorca.com\\\/blog\\\/#organization\",\"name\":\"Centro Universitario Instituto Nebrija Mallorca\",\"url\":\"https:\\\/\\\/www.nebrijamallorca.com\\\/blog\\\/\",\"logo\":{\"@type\":\"ImageObject\",\"inLanguage\":\"es\",\"@id\":\"https:\\\/\\\/www.nebrijamallorca.com\\\/blog\\\/#\\\/schema\\\/logo\\\/image\\\/\",\"url\":\"https:\\\/\\\/www.nebrijamallorca.com\\\/blog\\\/wp-content\\\/uploads\\\/2026\\\/05\\\/logo-CUINM.svg\",\"contentUrl\":\"https:\\\/\\\/www.nebrijamallorca.com\\\/blog\\\/wp-content\\\/uploads\\\/2026\\\/05\\\/logo-CUINM.svg\",\"width\":974,\"height\":221,\"caption\":\"Centro Universitario Instituto Nebrija Mallorca\"},\"image\":{\"@id\":\"https:\\\/\\\/www.nebrijamallorca.com\\\/blog\\\/#\\\/schema\\\/logo\\\/image\\\/\"},\"sameAs\":[\"https:\\\/\\\/www.instagram.com\\\/cuinebrija_mallorca\\\/\",\"https:\\\/\\\/www.linkedin.com\\\/company\\\/centro-universitario-instituto-nebrija-mallorca\\\/\"]},{\"@type\":\"Person\",\"@id\":\"https:\\\/\\\/www.nebrijamallorca.com\\\/blog\\\/#\\\/schema\\\/person\\\/9ace66970ac827179a4945f143c39498\",\"name\":\"Maria Olivares\",\"image\":{\"@type\":\"ImageObject\",\"inLanguage\":\"es\",\"@id\":\"https:\\\/\\\/secure.gravatar.com\\\/avatar\\\/077374ce6cf5a3ce8c7ab4ba4733f03fbf0a9341688ee68f2fa8c68bbac82a3b?s=96&d=mm&r=g\",\"url\":\"https:\\\/\\\/secure.gravatar.com\\\/avatar\\\/077374ce6cf5a3ce8c7ab4ba4733f03fbf0a9341688ee68f2fa8c68bbac82a3b?s=96&d=mm&r=g\",\"contentUrl\":\"https:\\\/\\\/secure.gravatar.com\\\/avatar\\\/077374ce6cf5a3ce8c7ab4ba4733f03fbf0a9341688ee68f2fa8c68bbac82a3b?s=96&d=mm&r=g\",\"caption\":\"Maria Olivares\"},\"sameAs\":[\"https:\\\/\\\/www.linkedin.com\\\/in\\\/mariaolivarescomunicacion\\\/\"],\"url\":\"https:\\\/\\\/www.nebrijamallorca.com\\\/blog\\\/author\\\/maria-olivares\\\/\"}]}<\/script>\n<!-- \/ Yoast SEO plugin. -->","yoast_head_json":{"title":"Enfermer\u00eda del Ma\u00f1ana: Estudiar en Mallorca Nebrija","description":"Descubre c\u00f3mo la IA, la realidad virtual y la telemedicina est\u00e1n transformando la enfermer\u00eda. Estudia enfermer\u00eda en Mallorca Nebrija","robots":{"index":"index","follow":"follow","max-snippet":"max-snippet:-1","max-image-preview":"max-image-preview:large","max-video-preview":"max-video-preview:-1"},"canonical":"https:\/\/www.nebrijamallorca.com\/blog\/2026\/06\/29\/la-enfermeria-del-manana-tecnologia-salud\/","og_locale":"es_ES","og_type":"article","og_title":"Enfermer\u00eda del Ma\u00f1ana: Estudiar en Mallorca Nebrija","og_description":"Descubre c\u00f3mo la IA, la realidad virtual y la telemedicina est\u00e1n transformando la enfermer\u00eda. Estudia enfermer\u00eda en Mallorca Nebrija","og_url":"https:\/\/www.nebrijamallorca.com\/blog\/2026\/06\/29\/la-enfermeria-del-manana-tecnologia-salud\/","og_site_name":"Actualidad Nebrija Mallorca","article_published_time":"2026-06-29T13:08:26+00:00","og_image":[{"width":2560,"height":1707,"url":"https:\/\/www.nebrijamallorca.com\/blog\/wp-content\/uploads\/2026\/06\/pexels-gustavo-fring-3985163-scaled.jpg","type":"image\/jpeg"}],"author":"Maria Olivares","twitter_card":"summary_large_image","twitter_misc":{"Escrito por":"Maria Olivares","Tiempo de lectura":"3 minutos"},"schema":{"@context":"https:\/\/schema.org","@graph":[{"@type":"Article","@id":"https:\/\/www.nebrijamallorca.com\/blog\/2026\/06\/29\/la-enfermeria-del-manana-tecnologia-salud\/#article","isPartOf":{"@id":"https:\/\/www.nebrijamallorca.com\/blog\/2026\/06\/29\/la-enfermeria-del-manana-tecnologia-salud\/"},"author":{"name":"Maria Olivares","@id":"https:\/\/www.nebrijamallorca.com\/blog\/#\/schema\/person\/9ace66970ac827179a4945f143c39498"},"headline":"La enfermer\u00eda del ma\u00f1ana: \u00bfC\u00f3mo est\u00e1 cambiando la tecnolog\u00eda el cuidado del paciente?","datePublished":"2026-06-29T13:08:26+00:00","mainEntityOfPage":{"@id":"https:\/\/www.nebrijamallorca.com\/blog\/2026\/06\/29\/la-enfermeria-del-manana-tecnologia-salud\/"},"wordCount":577,"commentCount":0,"publisher":{"@id":"https:\/\/www.nebrijamallorca.com\/blog\/#organization"},"image":{"@id":"https:\/\/www.nebrijamallorca.com\/blog\/2026\/06\/29\/la-enfermeria-del-manana-tecnologia-salud\/#primaryimage"},"thumbnailUrl":"https:\/\/www.nebrijamallorca.com\/blog\/wp-content\/uploads\/2026\/06\/pexels-gustavo-fring-3985163-scaled.jpg","articleSection":["Enfermer\u00eda Mallorca"],"inLanguage":"es","potentialAction":[{"@type":"CommentAction","name":"Comment","target":["https:\/\/www.nebrijamallorca.com\/blog\/2026\/06\/29\/la-enfermeria-del-manana-tecnologia-salud\/#respond"]}]},{"@type":"WebPage","@id":"https:\/\/www.nebrijamallorca.com\/blog\/2026\/06\/29\/la-enfermeria-del-manana-tecnologia-salud\/","url":"https:\/\/www.nebrijamallorca.com\/blog\/2026\/06\/29\/la-enfermeria-del-manana-tecnologia-salud\/","name":"Enfermer\u00eda del Ma\u00f1ana: Estudiar en Mallorca Nebrija","isPartOf":{"@id":"https:\/\/www.nebrijamallorca.com\/blog\/#website"},"primaryImageOfPage":{"@id":"https:\/\/www.nebrijamallorca.com\/blog\/2026\/06\/29\/la-enfermeria-del-manana-tecnologia-salud\/#primaryimage"},"image":{"@id":"https:\/\/www.nebrijamallorca.com\/blog\/2026\/06\/29\/la-enfermeria-del-manana-tecnologia-salud\/#primaryimage"},"thumbnailUrl":"https:\/\/www.nebrijamallorca.com\/blog\/wp-content\/uploads\/2026\/06\/pexels-gustavo-fring-3985163-scaled.jpg","datePublished":"2026-06-29T13:08:26+00:00","description":"Descubre c\u00f3mo la IA, la realidad virtual y la telemedicina est\u00e1n transformando la enfermer\u00eda. Estudia enfermer\u00eda en Mallorca Nebrija","breadcrumb":{"@id":"https:\/\/www.nebrijamallorca.com\/blog\/2026\/06\/29\/la-enfermeria-del-manana-tecnologia-salud\/#breadcrumb"},"inLanguage":"es","potentialAction":[{"@type":"ReadAction","target":["https:\/\/www.nebrijamallorca.com\/blog\/2026\/06\/29\/la-enfermeria-del-manana-tecnologia-salud\/"]}]},{"@type":"ImageObject","inLanguage":"es","@id":"https:\/\/www.nebrijamallorca.com\/blog\/2026\/06\/29\/la-enfermeria-del-manana-tecnologia-salud\/#primaryimage","url":"https:\/\/www.nebrijamallorca.com\/blog\/wp-content\/uploads\/2026\/06\/pexels-gustavo-fring-3985163-scaled.jpg","contentUrl":"https:\/\/www.nebrijamallorca.com\/blog\/wp-content\/uploads\/2026\/06\/pexels-gustavo-fring-3985163-scaled.jpg","width":2560,"height":1707},{"@type":"BreadcrumbList","@id":"https:\/\/www.nebrijamallorca.com\/blog\/2026\/06\/29\/la-enfermeria-del-manana-tecnologia-salud\/#breadcrumb","itemListElement":[{"@type":"ListItem","position":1,"name":"Portada","item":"https:\/\/www.nebrijamallorca.com\/blog\/"},{"@type":"ListItem","position":2,"name":"La enfermer\u00eda del ma\u00f1ana: \u00bfC\u00f3mo est\u00e1 cambiando la tecnolog\u00eda el cuidado del paciente?"}]},{"@type":"WebSite","@id":"https:\/\/www.nebrijamallorca.com\/blog\/#website","url":"https:\/\/www.nebrijamallorca.com\/blog\/","name":"blog","description":"","publisher":{"@id":"https:\/\/www.nebrijamallorca.com\/blog\/#organization"},"potentialAction":[{"@type":"SearchAction","target":{"@type":"EntryPoint","urlTemplate":"https:\/\/www.nebrijamallorca.com\/blog\/?s={search_term_string}"},"query-input":{"@type":"PropertyValueSpecification","valueRequired":true,"valueName":"search_term_string"}}],"inLanguage":"es"},{"@type":"Organization","@id":"https:\/\/www.nebrijamallorca.com\/blog\/#organization","name":"Centro Universitario Instituto Nebrija Mallorca","url":"https:\/\/www.nebrijamallorca.com\/blog\/","logo":{"@type":"ImageObject","inLanguage":"es","@id":"https:\/\/www.nebrijamallorca.com\/blog\/#\/schema\/logo\/image\/","url":"https:\/\/www.nebrijamallorca.com\/blog\/wp-content\/uploads\/2026\/05\/logo-CUINM.svg","contentUrl":"https:\/\/www.nebrijamallorca.com\/blog\/wp-content\/uploads\/2026\/05\/logo-CUINM.svg","width":974,"height":221,"caption":"Centro Universitario Instituto Nebrija Mallorca"},"image":{"@id":"https:\/\/www.nebrijamallorca.com\/blog\/#\/schema\/logo\/image\/"},"sameAs":["https:\/\/www.instagram.com\/cuinebrija_mallorca\/","https:\/\/www.linkedin.com\/company\/centro-universitario-instituto-nebrija-mallorca\/"]},{"@type":"Person","@id":"https:\/\/www.nebrijamallorca.com\/blog\/#\/schema\/person\/9ace66970ac827179a4945f143c39498","name":"Maria Olivares","image":{"@type":"ImageObject","inLanguage":"es","@id":"https:\/\/secure.gravatar.com\/avatar\/077374ce6cf5a3ce8c7ab4ba4733f03fbf0a9341688ee68f2fa8c68bbac82a3b?s=96&d=mm&r=g","url":"https:\/\/secure.gravatar.com\/avatar\/077374ce6cf5a3ce8c7ab4ba4733f03fbf0a9341688ee68f2fa8c68bbac82a3b?s=96&d=mm&r=g","contentUrl":"https:\/\/secure.gravatar.com\/avatar\/077374ce6cf5a3ce8c7ab4ba4733f03fbf0a9341688ee68f2fa8c68bbac82a3b?s=96&d=mm&r=g","caption":"Maria Olivares"},"sameAs":["https:\/\/www.linkedin.com\/in\/mariaolivarescomunicacion\/"],"url":"https:\/\/www.nebrijamallorca.com\/blog\/author\/maria-olivares\/"}]}},"_links":{"self":[{"href":"https:\/\/www.nebrijamallorca.com\/blog\/wp-json\/wp\/v2\/posts\/94","targetHints":{"allow":["GET"]}}],"collection":[{"href":"https:\/\/www.nebrijamallorca.com\/blog\/wp-json\/wp\/v2\/posts"}],"about":[{"href":"https:\/\/www.nebrijamallorca.com\/blog\/wp-json\/wp\/v2\/types\/post"}],"author":[{"embeddable":true,"href":"https:\/\/www.nebrijamallorca.com\/blog\/wp-json\/wp\/v2\/users\/3"}],"replies":[{"embeddable":true,"href":"https:\/\/www.nebrijamallorca.com\/blog\/wp-json\/wp\/v2\/comments?post=94"}],"version-history":[{"count":1,"href":"https:\/\/www.nebrijamallorca.com\/blog\/wp-json\/wp\/v2\/posts\/94\/revisions"}],"predecessor-version":[{"id":97,"href":"https:\/\/www.nebrijamallorca.com\/blog\/wp-json\/wp\/v2\/posts\/94\/revisions\/97"}],"wp:featuredmedia":[{"embeddable":true,"href":"https:\/\/www.nebrijamallorca.com\/blog\/wp-json\/wp\/v2\/media\/95"}],"wp:attachment":[{"href":"https:\/\/www.nebrijamallorca.com\/blog\/wp-json\/wp\/v2\/media?parent=94"}],"wp:term":[{"taxonomy":"category","embeddable":true,"href":"https:\/\/www.nebrijamallorca.com\/blog\/wp-json\/wp\/v2\/categories?post=94"},{"taxonomy":"post_tag","embeddable":true,"href":"https:\/\/www.nebrijamallorca.com\/blog\/wp-json\/wp\/v2\/tags?post=94"}],"curies":[{"name":"wp","href":"https:\/\/api.w.org\/{rel}","templated":true}]}}